{"id":4205,"date":"2016-11-24T00:00:00","date_gmt":"2016-11-24T00:00:00","guid":{"rendered":"http:\/\/elvinodelaspiedras.local\/movimiento-vino-do-se-afianza-como-puerta-de-entrada-de-los-jovenes-al-mundo-del-vino-y-de-las-denominaciones-de-origen\/"},"modified":"2020-11-13T12:29:31","modified_gmt":"2020-11-13T12:29:31","slug":"movimiento-vino-do-se-afianza-como-puerta-de-entrada-de-los-jovenes-al-mundo-del-vino-y-de-las-denominaciones-de-origen","status":"publish","type":"post","link":"https:\/\/elvinodelaspiedras.es\/en\/comunicacion\/noticias\/movimiento-vino-do-se-afianza-como-puerta-de-entrada-de-los-jovenes-al-mundo-del-vino-y-de-las-denominaciones-de-origen\/","title":{"rendered":"Movimiento vino D.O. se afianza como puerta de entrada de los j\u00f3venes al mundo del vino y de las denominaciones de origen"},"content":{"rendered":"<p>Movimiento Vino D.O. es la primera campa\u00f1a de comunicaci\u00f3n que ponen en marcha las Denominaciones de Origen de vino, integradas en la <strong>Conferencia Espa\u00f1ola de Consejos Reguladores Vitivin\u00edcolas (<\/strong><a href=\"http:\/\/www.cecrv.eu\/\/\/\/\/\"><strong>CECRV<\/strong><\/a><strong>)<\/strong>. Conlleva un compromiso conjunto de las Denominaciones de Origen para situar el vino con D.O. m\u00e1s cerca del p\u00fablico en general y de los j\u00f3venes en particular.<\/p>\n<p>La campa\u00f1a, que se desarrolla en Internet y redes sociales, continua creciendo desde su lanzamiento en marzo de este a\u00f1o. <strong>Cerca de 25.000 usuarios<\/strong>, la mayor\u00eda de entre 18 y 40 a\u00f1os, <strong>siguen diariamente la informaci\u00f3n a trav\u00e9s de <\/strong><a href=\"https:\/\/twitter.com\/movinodo\"><strong>Twitter<\/strong><\/a><strong>, <\/strong><a href=\"https:\/\/www.instagram.com\/MovimientoVinoDO\/\/\/\/\/\"><strong>Instagram<\/strong><\/a><strong>y <\/strong><a href=\"https:\/\/www.facebook.com\/MovimientoVinoDO\/\/\/\/\/\"><strong>Facebook<\/strong><\/a><strong>, siendo \u00e9sta \u00faltima red social<\/strong>la que concentra el mayor n\u00famero de interacciones, m\u00e1s de 70.000 desde marzo a octubre. <\/p>\n<p>Con las distintas acciones especiales, sorteos y concursos realizados en redes sociales, <strong>el alcance total logrado llega a los 9 millones de personas<\/strong>. Recientemente, se ha puesto en marcha el <a href=\"http:\/\/www.movimientovinodo.es\/palabrario-m-v-d-o\/\/\/\/\/\"><strong>Palabrario de Movimiento Vino D.O.,<\/strong><\/a>una serie de audiovisuales que, en clave de humor, da la vuelta al sentido de algunas de las expresiones m\u00e1s utilizadas por los expertos en vino. El post en Facebook que anunci\u00f3 su lanzamiento gener\u00f3 m\u00e1s de mil interacciones en un solo d\u00eda. <\/p>\n<p>Facebook fue tambi\u00e9n la red elegida para lanzar una <a href=\"http:\/\/www.movimientovinodo.es\/los-jovenes-tienen-mas-en-cuenta-la-calidad-que-el-precio-a-la-hora-de-comprar-un-vino\/\/\/\/\/\">encuesta<\/a>entre los internautas con el fin de conocer sus gustos y preferencias en torno al vino. En ella participaron mil usuarios \u00fanicos que contestaron a un cuestionario cuyas conclusiones permitieron saber que los j\u00f3venes tienen m\u00e1s en cuenta la calidad que el precio a la hora de comprar un vino. <\/p>\n<p><strong>M\u00e1s de dos minutos de permanencia en la web<\/strong><\/p>\n<p>La web <a href=\"http:\/\/www.movimientovinodo.es\/\/\/\/\/\">www.movimientovinodo.es<\/a>ha recibido hasta el momento la visita de <strong>m\u00e1s de 20.000 usuarios<\/strong> <strong>\u00fanicos<\/strong>, destacando el dato de permanencia en la plataforma, que supera los dos minutos. Conseguir que los que llegan a la p\u00e1gina se queden en ella es el resultado de <strong>crear contenidos exclusivos que hablan de vino con Denominaci\u00f3n de Origen desde un punto de vista divertido, cercano y sin complejos. <\/strong><\/p>\n<p>Una de las secciones m\u00e1s vistas en la web es <a href=\"http:\/\/www.movimientovinodo.es\/en-espana-beber-buen-vino-es-asequible-para-todos-los-bolsillos\/\/\/\/\/\">Amigos Movimiento Vino D.O.,<\/a> que incluye entrevistas con j\u00f3venes que han destacado por su talento en \u00e1mbitos como la m\u00fasica, el cine, la literatura, el dise\u00f1o o la ilustraci\u00f3n. La pianista Ariadna Castellanos, el presentador y DJ Johann Wald, el ilustrador Iban Barrenetxea o la bloguera Marta Simonet son algunas de las personas entrevistadas, todas ellas con un denominador com\u00fan: que les apasiona el vino con Denominaci\u00f3n de Origen. <\/p>\n<p>La secci\u00f3n de agenda se distingue por ser la \u00fanica que re\u00fane por primera vez toda la informaci\u00f3n actualizada de la actividad que desarrollan la mayor\u00eda de las Denominaciones de Origen de vino espa\u00f1olas. La web cuenta tambi\u00e9n con un acceso directo paraquetodos aquellos que quieran sumarse y convertirse en <strong>Embajadores<\/strong> de Movimiento Vino D.O. puedan hacerlo. Hasta el momento se han sumado <strong>2.200 personas, m\u00e1s de 220 bodegas de todas las Denominaciones de Origen, as\u00ed como universidades, empresas y asociaciones.<\/strong> En el mes de septiembre las 26 <a href=\"http:\/\/www.wineroutesofspain.com\/\/\/\/\/\"><strong>Rutas del Vino de Espa\u00f1a<\/strong><\/a>se unieron en bloque como Embajadoras, convirti\u00e9ndose en un potente aliado para fomentar y difundir el Enoturismo y el vino con D.O. entre los j\u00f3venes. <\/p>\n<p><strong>Primer Concurso de Microrrelatos<\/strong><\/p>\n<p>Movimiento Vino D.O. acaba de poner en marcha la 1\u00aa Edici\u00f3n del Concurso de Microrrelatos a trav\u00e9s de una aplicaci\u00f3n de Facebook, que invita a los internautas a escribir una historia de tem\u00e1tica libre en 200 palabras, que inc<a name=\"_GoBack\"><\/a>luya los t\u00e9rminos Origen, Calidad y Vino D.O. Se podr\u00e1n enviar microrrelatos hasta el 30 de noviembre, a trav\u00e9s de la <a href=\"https:\/\/business.facebook.com\/MovimientoVinoDO\/app\/250104351722890\/?business_id=901629756525334&amp;ref=page_internal\"><strong>app de Facebook<\/strong><\/a>o por email <a href=\"mailto:relatos@movimientovinodo.es\">relatos@movimientovinodo.es<\/a> <strong>(<\/strong><a href=\"http:\/\/www.movimientovinodo.es\/concurso-microrrelatos-movimiento-vino-d-o\/\/\/\/\/\"><strong>m\u00e1s informaci\u00f3n y bases<\/strong><\/a><strong>)<\/strong>.<\/p>\n<hr>\n<figure id=\"attachment_401\" aria-describedby=\"caption-attachment-401\" style=\"width: 300px\" class=\"wp-caption alignnone\"><a href=\"\/_archivos\/imagenes\/3004.jpg\" target=\"_blank\" rel=\"noopener noreferrer\"><img decoding=\"async\" class=\"size-medium\" src=\"\/_archivos\/imagenes\/300\/3004.jpg\" alt=\"Foto Mov. Vino D.O. 1\" title=\"Foto Mov. Vino D.O. 1\" width=\"300\" height=\"auto\" \/><\/a><figcaption id=\"caption-attachment-401\" class=\"wp-caption-text\"><a href=\"\/_archivos\/imagenes\/3004.jpg\" target=\"_blank\" rel=\"noopener noreferrer\">Descargar imagen<\/a><\/figcaption><\/figure>\n<figure id=\"attachment_401\" aria-describedby=\"caption-attachment-401\" style=\"width: 300px\" class=\"wp-caption alignnone\"><a href=\"\/_archivos\/imagenes\/3005.jpg\" target=\"_blank\" rel=\"noopener noreferrer\"><img decoding=\"async\" class=\"size-medium\" src=\"\/_archivos\/imagenes\/300\/3005.jpg\" alt=\"Foto Mov. Vino D.O. 2\" title=\"Foto Mov. Vino D.O. 2\" width=\"300\" height=\"auto\" \/><\/a><figcaption id=\"caption-attachment-401\" class=\"wp-caption-text\"><a href=\"\/_archivos\/imagenes\/3005.jpg\" target=\"_blank\" rel=\"noopener noreferrer\">Descargar imagen<\/a><\/figcaption><\/figure>    \t<\/p>\n","protected":false},"excerpt":{"rendered":"<p>Movimiento Vino D.O. es la primera campa\u00f1a de comunicaci\u00f3n que ponen en marcha las Denominaciones de Origen de vino, integradas en la Conferencia Espa\u00f1ola de Consejos Reguladores Vitivin\u00edcolas (CECRV). Conlleva un compromiso conjunto de las Denominaciones de Origen para situar el vino con D.O. m\u00e1s cerca del p\u00fablico en general y de los j\u00f3venes en &hellip;<\/p>\n","protected":false},"author":6,"featured_media":3950,"comment_status":"closed","ping_status":"closed","sticky":false,"template":"","format":"standard","meta":{"_genesis_hide_title":false,"_genesis_hide_breadcrumbs":false,"_genesis_hide_singular_image":false,"_genesis_hide_footer_widgets":false,"_genesis_custom_body_class":"","_genesis_custom_post_class":"","_genesis_layout":"","ngg_post_thumbnail":0,"footnotes":""},"categories":[1],"tags":[],"class_list":{"0":"post-4205","1":"post","2":"type-post","3":"status-publish","4":"format-standard","5":"has-post-thumbnail","7":"category-noticias","8":"entry"},"_links":{"self":[{"href":"https:\/\/elvinodelaspiedras.es\/en\/wp-json\/wp\/v2\/posts\/4205"}],"collection":[{"href":"https:\/\/elvinodelaspiedras.es\/en\/wp-json\/wp\/v2\/posts"}],"about":[{"href":"https:\/\/elvinodelaspiedras.es\/en\/wp-json\/wp\/v2\/types\/post"}],"author":[{"embeddable":true,"href":"https:\/\/elvinodelaspiedras.es\/en\/wp-json\/wp\/v2\/users\/6"}],"replies":[{"embeddable":true,"href":"https:\/\/elvinodelaspiedras.es\/en\/wp-json\/wp\/v2\/comments?post=4205"}],"version-history":[{"count":2,"href":"https:\/\/elvinodelaspiedras.es\/en\/wp-json\/wp\/v2\/posts\/4205\/revisions"}],"predecessor-version":[{"id":5925,"href":"https:\/\/elvinodelaspiedras.es\/en\/wp-json\/wp\/v2\/posts\/4205\/revisions\/5925"}],"wp:featuredmedia":[{"embeddable":true,"href":"https:\/\/elvinodelaspiedras.es\/en\/wp-json\/wp\/v2\/media\/3950"}],"wp:attachment":[{"href":"https:\/\/elvinodelaspiedras.es\/en\/wp-json\/wp\/v2\/media?parent=4205"}],"wp:term":[{"taxonomy":"category","embeddable":true,"href":"https:\/\/elvinodelaspiedras.es\/en\/wp-json\/wp\/v2\/categories?post=4205"},{"taxonomy":"post_tag","embeddable":true,"href":"https:\/\/elvinodelaspiedras.es\/en\/wp-json\/wp\/v2\/tags?post=4205"}],"curies":[{"name":"wp","href":"https:\/\/api.w.org\/{rel}","templated":true}]}}