{"id":4206,"date":"2016-11-28T00:00:00","date_gmt":"2016-11-28T00:00:00","guid":{"rendered":"http:\/\/elvinodelaspiedras.local\/grandes-vinos-lanz-la-decima-campana-de-vino-solidario-junto-con-la-fundacion-down-zaragoza\/"},"modified":"2020-11-13T12:29:31","modified_gmt":"2020-11-13T12:29:31","slug":"grandes-vinos-lanz-la-decima-campana-de-vino-solidario-junto-con-la-fundacion-down-zaragoza","status":"publish","type":"post","link":"https:\/\/elvinodelaspiedras.es\/en\/comunicacion\/noticias\/grandes-vinos-lanz-la-decima-campana-de-vino-solidario-junto-con-la-fundacion-down-zaragoza\/","title":{"rendered":"Grandes Vinos lanza la d\u00e9cima campa\u00f1a de vino solidario junto con la Fundaci\u00f3n Down Zaragoza"},"content":{"rendered":"<p>La bodega Grandes Vinos junto con la Fundaci\u00f3n Down Zaragoza ha presentado la X Campa\u00f1a de vino solidario. En esta ocasi\u00f3n el dinero recaudado ir\u00e1 destinado a apoyar el Huerto Social Down de Zaragoza. Ser\u00e1 el vino Corona de Arag\u00f3n Crianza el que sea etiquetado con la distinci\u00f3n solidaria.<\/p>\n<p>Este huerto surge de la iniciativa de la empresa Agr\u00edcola Antor\u00e1n que igual que el vino solidario y otros proyectos de la fundaci\u00f3n se basa en un acuerdo de responsabilidad social corporativa. Toda la entidad va poder disfrutar del huerto. En una primera etapa, de puesta en marcha, va a ser el Centro Ocupacional y sus 24 chicos los que se beneficiar\u00e1n m\u00e1s directamente.<\/p>\n<p>All\u00ed, la empresa gestora de los huertos prepara las sesiones con los chicos de preparado de tierra, abono, semilleros o plantaci\u00f3n entre otros. Con el objetivo de que todos participen, cada grupo aporta un determinado trabajo seg\u00fan sus intereses y capacidades. Unos realizan labores en el huerto y la tierra, otros preparan carteles, cajas, contenedores y otros aportan semilleros cultivados en la sede de la Fundaci\u00f3n Down.<\/p>\n<p>Grandes Vinos fue la empresa galardonada por la Fundaci\u00f3n en 2007. Ambas colaboran en la aplicaci\u00f3n de medidas alternativas a la contrataci\u00f3n de personas con discapacidad intelectual con programas de empleo y formaci\u00f3n.<\/p>\n<hr>\n<figure id=\"attachment_402\" aria-describedby=\"caption-attachment-402\" style=\"width: 300px\" class=\"wp-caption alignnone\"><a href=\"\/_archivos\/imagenes\/3008.jpg\" target=\"_blank\" rel=\"noopener noreferrer\"><img decoding=\"async\" class=\"size-medium\" src=\"\/_archivos\/imagenes\/300\/3008.jpg\" alt=\"VINO SOLIDARIO 3\" title=\"VINO SOLIDARIO 3\" width=\"300\" height=\"auto\" \/><\/a><figcaption id=\"caption-attachment-402\" class=\"wp-caption-text\"><a href=\"\/_archivos\/imagenes\/3008.jpg\" target=\"_blank\" rel=\"noopener noreferrer\">Descargar imagen<\/a><\/figcaption><\/figure>\n","protected":false},"excerpt":{"rendered":"<p>La bodega Grandes Vinos junto con la Fundaci\u00f3n Down Zaragoza ha presentado la X Campa\u00f1a de vino solidario. En esta ocasi\u00f3n el dinero recaudado ir\u00e1 destinado a apoyar el Huerto Social Down de Zaragoza. Ser\u00e1 el vino Corona de Arag\u00f3n Crianza el que sea etiquetado con la distinci\u00f3n solidaria. Este huerto surge de la iniciativa &hellip;<\/p>\n","protected":false},"author":6,"featured_media":3952,"comment_status":"closed","ping_status":"closed","sticky":false,"template":"","format":"standard","meta":{"_genesis_hide_title":false,"_genesis_hide_breadcrumbs":false,"_genesis_hide_singular_image":false,"_genesis_hide_footer_widgets":false,"_genesis_custom_body_class":"","_genesis_custom_post_class":"","_genesis_layout":"","ngg_post_thumbnail":0,"footnotes":""},"categories":[1],"tags":[],"class_list":{"0":"post-4206","1":"post","2":"type-post","3":"status-publish","4":"format-standard","5":"has-post-thumbnail","7":"category-noticias","8":"entry"},"_links":{"self":[{"href":"https:\/\/elvinodelaspiedras.es\/en\/wp-json\/wp\/v2\/posts\/4206"}],"collection":[{"href":"https:\/\/elvinodelaspiedras.es\/en\/wp-json\/wp\/v2\/posts"}],"about":[{"href":"https:\/\/elvinodelaspiedras.es\/en\/wp-json\/wp\/v2\/types\/post"}],"author":[{"embeddable":true,"href":"https:\/\/elvinodelaspiedras.es\/en\/wp-json\/wp\/v2\/users\/6"}],"replies":[{"embeddable":true,"href":"https:\/\/elvinodelaspiedras.es\/en\/wp-json\/wp\/v2\/comments?post=4206"}],"version-history":[{"count":2,"href":"https:\/\/elvinodelaspiedras.es\/en\/wp-json\/wp\/v2\/posts\/4206\/revisions"}],"predecessor-version":[{"id":5923,"href":"https:\/\/elvinodelaspiedras.es\/en\/wp-json\/wp\/v2\/posts\/4206\/revisions\/5923"}],"wp:featuredmedia":[{"embeddable":true,"href":"https:\/\/elvinodelaspiedras.es\/en\/wp-json\/wp\/v2\/media\/3952"}],"wp:attachment":[{"href":"https:\/\/elvinodelaspiedras.es\/en\/wp-json\/wp\/v2\/media?parent=4206"}],"wp:term":[{"taxonomy":"category","embeddable":true,"href":"https:\/\/elvinodelaspiedras.es\/en\/wp-json\/wp\/v2\/categories?post=4206"},{"taxonomy":"post_tag","embeddable":true,"href":"https:\/\/elvinodelaspiedras.es\/en\/wp-json\/wp\/v2\/tags?post=4206"}],"curies":[{"name":"wp","href":"https:\/\/api.w.org\/{rel}","templated":true}]}}