{"id":4207,"date":"2016-11-29T00:00:00","date_gmt":"2016-11-29T00:00:00","guid":{"rendered":"http:\/\/elvinodelaspiedras.local\/la-dop-carinena-donara-este-jueves-un-manto-a-la-virgen-del-pilar-de-zaragoza\/"},"modified":"2020-11-13T12:29:31","modified_gmt":"2020-11-13T12:29:31","slug":"la-dop-carinena-donara-este-jueves-un-manto-a-la-virgen-del-pilar-de-zaragoza","status":"publish","type":"post","link":"https:\/\/elvinodelaspiedras.es\/en\/comunicacion\/noticias\/la-dop-carinena-donara-este-jueves-un-manto-a-la-virgen-del-pilar-de-zaragoza\/","title":{"rendered":"La D.O.P. Cari\u00f1ena donar\u00e1 este jueves un manto a la virgen del pilar de Zaragoza"},"content":{"rendered":"<p>El presidente de la D.O.P. Cari\u00f1ena, <strong>Antonio Ubide<\/strong>, entregar\u00e1 este jueves, 1 de diciembre, a las 17,45 horas un manto de color rosa lila con el <strong>logotipo de la Denominaci\u00f3n de Origen Protegida Cari\u00f1ena, <\/strong>bordado en oro, al <strong>Cabildo Metropolitano<\/strong> que rige la <strong>Bas\u00edlica del Pilar<\/strong>. De esta forma, Cari\u00f1ena se convertir\u00e1 en la primera denominaci\u00f3n de origen de Espa\u00f1a en realizar esta ofrenda a la <strong>Patrona de la Hispanidad,<\/strong> que lo lucir\u00e1 en principio cada a\u00f1o en su columna el d\u00eda 13 de septiembre, la v\u00edspera de la <strong>festividad del Santo Cristo de Santiago<\/strong>, patr\u00f3n de Cari\u00f1ena a quien se ofrece el primer mosto del a\u00f1o en la tradicional Fiesta de la Vendimia. Esta es la petici\u00f3n que ha efectuado el Consejo Regulador al Cabildo.<\/p>\n<p>En el acto del jueves est\u00e1n invitados todos los miembros que componen el <strong>pleno del Consejo Regulador, <\/strong>representantes de<strong> sus 34 bodegas<\/strong> y <strong>de los 14 ayuntamientos<\/strong> que integran la Denominaci\u00f3n. Estos a su vez han trasladado la invitaci\u00f3n a trav\u00e9s de bandos a sus <strong>respectivos<\/strong> <strong>vecinos, <\/strong>para que acudan tambi\u00e9n a la Bas\u00edlica del Pilar y participen como p\u00fablico en<strong> el destacado acto<\/strong>.<\/p>\n<p>La confecci\u00f3n y donaci\u00f3n de la pieza a la Virgen de la Pilar se dio a conocer durante la pasada <strong>Fiesta de la Vendimia, celebrada el pasado 25 de septiembre. <\/strong>Visitantes y vecinos de Cari\u00f1ena y de los otros municipios pudieron contemplar ese d\u00eda el manto, que permaneci\u00f3 expuesto en la sede del Consejo Regulador. \u201cLa <strong>Virgen del Pilar<\/strong> es, adem\u00e1s de <strong>la patrona de Arag\u00f3n y de la Hispanidad<\/strong>, un s\u00edmbolo de uni\u00f3n y respeto para todos\u201d, destac\u00f3 Ubide al anunciar en el acto institucional de la Fiesta de la Vendimia la iniciativa, que fue acogida con <strong>grandes aplausos<\/strong>.<\/p>\n<p>El manto ha sido elaborado por <strong>Olga Velilla<\/strong>, propietaria del comercio zaragozano &#8220;Bordados Olga&#8221;, que acumula una <strong>gran experiencia<\/strong> en este tipo de trabajos ya que ha realizado <strong>un total de 64 para la Virgen del Pilar<\/strong>.<\/p>\n<hr>\n<figure id=\"attachment_403\" aria-describedby=\"caption-attachment-403\" style=\"width: 300px\" class=\"wp-caption alignnone\"><a href=\"\/_archivos\/imagenes\/2998.jpg\" target=\"_blank\" rel=\"noopener noreferrer\"><img decoding=\"async\" class=\"size-medium\" src=\"\/_archivos\/imagenes\/300\/2998.jpg\" alt=\"manto web cari\u00f1ena\" title=\"manto web cari\u00f1ena\" width=\"300\" height=\"auto\" \/><\/a><figcaption id=\"caption-attachment-403\" class=\"wp-caption-text\"><a href=\"\/_archivos\/imagenes\/2998.jpg\" target=\"_blank\" rel=\"noopener noreferrer\">Descargar imagen<\/a><\/figcaption><\/figure>\n","protected":false},"excerpt":{"rendered":"<p>El presidente de la D.O.P. Cari\u00f1ena, Antonio Ubide, entregar\u00e1 este jueves, 1 de diciembre, a las 17,45 horas un manto de color rosa lila con el logotipo de la Denominaci\u00f3n de Origen Protegida Cari\u00f1ena, bordado en oro, al Cabildo Metropolitano que rige la Bas\u00edlica del Pilar. De esta forma, Cari\u00f1ena se convertir\u00e1 en la primera &hellip;<\/p>\n","protected":false},"author":6,"featured_media":2467,"comment_status":"closed","ping_status":"closed","sticky":false,"template":"","format":"standard","meta":{"_genesis_hide_title":false,"_genesis_hide_breadcrumbs":false,"_genesis_hide_singular_image":false,"_genesis_hide_footer_widgets":false,"_genesis_custom_body_class":"","_genesis_custom_post_class":"","_genesis_layout":"","ngg_post_thumbnail":0,"footnotes":""},"categories":[1],"tags":[],"class_list":{"0":"post-4207","1":"post","2":"type-post","3":"status-publish","4":"format-standard","5":"has-post-thumbnail","7":"category-noticias","8":"entry"},"_links":{"self":[{"href":"https:\/\/elvinodelaspiedras.es\/en\/wp-json\/wp\/v2\/posts\/4207"}],"collection":[{"href":"https:\/\/elvinodelaspiedras.es\/en\/wp-json\/wp\/v2\/posts"}],"about":[{"href":"https:\/\/elvinodelaspiedras.es\/en\/wp-json\/wp\/v2\/types\/post"}],"author":[{"embeddable":true,"href":"https:\/\/elvinodelaspiedras.es\/en\/wp-json\/wp\/v2\/users\/6"}],"replies":[{"embeddable":true,"href":"https:\/\/elvinodelaspiedras.es\/en\/wp-json\/wp\/v2\/comments?post=4207"}],"version-history":[{"count":1,"href":"https:\/\/elvinodelaspiedras.es\/en\/wp-json\/wp\/v2\/posts\/4207\/revisions"}],"predecessor-version":[{"id":5922,"href":"https:\/\/elvinodelaspiedras.es\/en\/wp-json\/wp\/v2\/posts\/4207\/revisions\/5922"}],"wp:featuredmedia":[{"embeddable":true,"href":"https:\/\/elvinodelaspiedras.es\/en\/wp-json\/wp\/v2\/media\/2467"}],"wp:attachment":[{"href":"https:\/\/elvinodelaspiedras.es\/en\/wp-json\/wp\/v2\/media?parent=4207"}],"wp:term":[{"taxonomy":"category","embeddable":true,"href":"https:\/\/elvinodelaspiedras.es\/en\/wp-json\/wp\/v2\/categories?post=4207"},{"taxonomy":"post_tag","embeddable":true,"href":"https:\/\/elvinodelaspiedras.es\/en\/wp-json\/wp\/v2\/tags?post=4207"}],"curies":[{"name":"wp","href":"https:\/\/api.w.org\/{rel}","templated":true}]}}