{"id":4208,"date":"2017-08-03T00:00:00","date_gmt":"2017-08-03T00:00:00","guid":{"rendered":"http:\/\/elvinodelaspiedras.local\/vamos-a-impulsar-que-carinena-sea-sede-mundial-de-la-variedad-de-uva-carinena-y-acoja-anualmente-un-concurso-internacional-de-estos-vinos\/"},"modified":"2020-11-13T12:29:30","modified_gmt":"2020-11-13T12:29:30","slug":"vamos-a-impulsar-que-carinena-sea-sede-mundial-de-la-variedad-de-uva-carinena-y-acoja-anualmente-un-concurso-internacional-de-estos-vinos","status":"publish","type":"post","link":"https:\/\/elvinodelaspiedras.es\/en\/comunicacion\/noticias\/vamos-a-impulsar-que-carinena-sea-sede-mundial-de-la-variedad-de-uva-carinena-y-acoja-anualmente-un-concurso-internacional-de-estos-vinos\/","title":{"rendered":"\u201cVamos a impulsar que Cari\u00f1ena sea sede mundial de la variedad de uva \u201cCari\u00f1ena y acoja anualmente un concurso internacional de estos vinos\u201d"},"content":{"rendered":"<p>El nuevo <strong>presidente de la D.O.P. Cari\u00f1ena<\/strong>, <strong>Ignacio Casamitjana<\/strong>, ha explicado hoy en rueda de prensa los <strong>objetivos prioritarios<\/strong> que piensa desarrollar en los pr\u00f3ximos cuatro a\u00f1os como m\u00e1ximo responsable del Consejo Regulador. Entre ellos, ha destacado impulsar una <strong>declaraci\u00f3n internacional que convierta a Cari\u00f1ena en sede mundial de la variedad de uva del mismo nombre<\/strong> -un caso \u00fanico en la cultura vitivin\u00edcola- y la celebraci\u00f3n cada a\u00f1o de un concurso anual de vinos elaborados principalmente con esta variedad, como ya existen cert\u00e1menes sobre los mejores vinos de garnacha o chardonnay.<\/p>\n<p>Casamitjana ha mostrado en primer lugar su &#8220;m\u00e1s sincero agradecimiento a todos los presidentes que me han precedido en los \u00faltimos a\u00f1os,\u00a0as\u00ed como a los miembros de los distintos Consejos Reguladores de la Denominaci\u00f3n de Origen Protegida, que han hecho o mejor dicho colaborado a <strong>que en el plazo de menos de 10 a\u00f1os se hayan conseguido duplicar, \u00a0pr\u00e1cticamente, \u00a0las ventas<\/strong> y lo que es m\u00e1s importante, posicionar econ\u00f3micamente el producto&#8221;. En este sentido, &#8220;me sumar\u00e9 a trabajar dando continuidad a la labor desempe\u00f1ada por todos mis compa\u00f1eros&#8221;.<\/p>\n<p>Cari\u00f1ena fue una de las pocas Denominaciones de Origen que aument\u00f3 sus ventas de manera <strong>considerable durante los primeros a\u00f1os de la crisis<\/strong>. As\u00ed pas\u00f3 de casi 37 millones de botellas en 2006 y 2007 a 62 millones en 2012.<\/p>\n<p>A partir de 2013 las ventas se han estabilizado en unos 55 millones de botellas vendidas de media al a\u00f1o ya que la D.O.P. Cari\u00f1ena ha apostado en los \u00faltimos a\u00f1os por dar <strong>prioridad al posicionamiento econ\u00f3mico del producto.<\/strong><\/p>\n<p>Todo ello ha sido paralelo a una profunda renovaci\u00f3n de la imagen de la Denominaci\u00f3n, iniciada en 2007 con motivo de su 75 aniversario, y culminada a partir de 2011 con una impactante campa\u00f1a de marketing, con el lema <strong>El Vino de las Piedras.<\/strong><\/p>\n<p>La D.O.P. Cari\u00f1ena, con un reconocimiento en el mercado nacional e internacional y una consolidaci\u00f3n de su posici\u00f3n, afronta con garant\u00edas y optimismo los pr\u00f3ximos a\u00f1os. Los <strong>datos de 2017<\/strong>, seg\u00fan ha avanzado el presidente, reflejan un aumento en las ventas <strong>del 1,42 % durante el primer semestre<\/strong> con respecto al mismo periodo del a\u00f1o anterior &#8220;y la previsi\u00f3n es cerrar el ejercicio con <strong>un incremento de aproximadamente el 3 %&#8221;.<\/strong> La cifra final rondar\u00eda de esta forma los 55 millones de botellas vendidas.<\/p>\n<p>En los \u00faltimos cuatro a\u00f1os, la D.O.P. Cari\u00f1ena ha aumentado su presencia en el mercado <strong>interior, que representa en estos momentos el 32,54%.<\/strong> En 2016, el incremento de las ventas nacionales fue de un 15,51 %\u00a0 con respecto a 2015. Pero las ventas al exterior siguen representando el principal porcentaje en el balance comercial: el 67,46 %. Es decir de cada tres botellas que vende la D.O.P. Cari\u00f1ena, <strong>una es en Espa\u00f1a y dos en el extranjero<\/strong>.<\/p>\n<p>El vino de <strong>Cari\u00f1ena lleg\u00f3 en 2016  a 55 pa\u00edses<\/strong>. <strong>Alemania<\/strong> fue el pa\u00eds al que se export\u00f3 m\u00e1s vino (casi 9 millones de botellas), seguido de <strong>Reino Unido, Estados Unidos, China, Canad\u00e1, Rusia y Polonia.<\/strong><\/p>\n<p>El esfuerzo realizado en promocionar El Vino de las Pidras en <strong>EEUU <\/strong>ha logrado que las ventas se hayan <strong>duplicado en los \u00faltimos ochos a\u00f1os<\/strong>.<\/p>\n<p><strong>Ignacio Casamitjana <\/strong>ha subrayado en su comparecencia: &#8220;Siempre que las posibilidades econ\u00f3micas y de fuerzas nos lo permitan, \u00a0har\u00e9 todo lo posible para que nuestra Denominaci\u00f3n de Origen Protegida Cari\u00f1ena\u00a0consiga <strong>mayor proyecci\u00f3n, \u00a0tanto en el mercado nacional como en el internacional&#8221;.<\/strong><\/p>\n<p><strong>DECLARACI\u00d3N Y SEDE MUNDIAL DE LA VARIEDAD &#8220;CARI\u00d1ENA&#8221;<\/strong><\/p>\n<p>Y en este apartado, ha dado a conocer una destacada iniciativa para promocionar el nombre de Cari\u00f1ena en todo el mundo. &#8220;Me gustar\u00eda que, m\u00e1s pronto que tarde, \u00a0pudi\u00e9ramos hacer una <strong>declaraci\u00f3n internacional de la variedad Cari\u00f1ena<\/strong> y crear la sede mundial de nuestra ya muy apreciada variedad en la ciudad de Cari\u00f1ena&#8221;.<\/p>\n<p>&#8220;En estos momentos, \u00a0el conjunto de todas las bodegas de nuestra Denominaci\u00f3n est\u00e1n <strong>haciendo verdaderas exquisiteces trabajando esta variedad<\/strong>, que lleva el mismo nombre que la capital de nuestra comarca, \u00a0y que da nombre a nuestra Denominaci\u00f3n. A la vez, \u00a0y si es posible ya\u00a0para el pr\u00f3ximo ejercicio 2018, \u00a0me gustar\u00eda que fuese convocado desde el seno de nuestro Consejo Regulador, con el apoyo y la necesaria ayuda de todas las instituciones p\u00fablicas y privadas, el <strong>primer concurso mundial de Cari\u00f1enas<\/strong>&#8220;, ha manifestado el nuevo responsable de la D.O.P.<\/p>\n<p>A este concurso ser\u00edan convocados todos aquellos vinos que est\u00e9n elaborados <strong>con al menos un 75% de esta variedad <\/strong>&#8220;y que contengan un grado de excelencia como una variedad como la que nuestra uva permite, y que se elaboren en cualquier rinc\u00f3n del mundo&#8221;.<\/p>\n<p>Casamitjana conf\u00eda en poder ofrecer durante los pr\u00f3ximos cuatro a\u00f1os &#8220;una dedicaci\u00f3n <strong>eficiente, digna y constante para el conjunto de nuestro sector<\/strong>, tanto el primario o productor, como las empresas o bodegas, \u00a0para que cosechen, nunca mejor dicho, \u00a0los mayores \u00e9xitos, que ser\u00e1 en beneficio de todas nuestras gentes&#8221;. A este respecto, ha recordado &#8220;la importancia de este sector, que <strong>fija poblaci\u00f3n y crea riqueza en los 14 municipios <\/strong>de la demarcaci\u00f3n geogr\u00e1fica de la Denominaci\u00f3n de Origen Protegida Cari\u00f1ena&#8221;.<\/p>\n<p>LA CALIDAD DE LA UVA EN ESTOS MOMENTOS ES EXCELENTE<\/p>\n<p>En cuanto a la previsi\u00f3n de la inminente vendimia de 2017,  a la espera de concretar datos m\u00e1s exactos por parte del Departamento T\u00e9cnico del Consejo Regulador y los T\u00e9cnicos de las empresas inscritas, <strong>se puede estimar una reducci\u00f3n del 10 al 20%<\/strong> respecto al a\u00f1o anterior, que fue de 97.934.999 kilos.<\/p>\n<p>A\u00fan as\u00ed, la cifra podr\u00eda ser alta, <strong>por encima de los registros del periodo 2010-2013<\/strong> y superando los 80 millones de kilos, como ha ocurrido en los \u00faltimos tres a\u00f1os.<\/p>\n<p><strong>La calidad de la uva en el vi\u00f1edo en estos momentos es excelente<\/strong>, por la buena evoluci\u00f3n y las condiciones climatol\u00f3gicas que se han dado este a\u00f1o.\u00a0<strong>A mediados de agosto <\/strong>se prev\u00e9 que comience la vendimia de la primera variedad<strong> (chardonnay).<\/strong><\/p>\n<p>Los <strong>97.934.999 kilos<\/strong> de uva recogidos en la D.O.P. Cari\u00f1ena en 2016 supusieron un 10,16 % menos que en 2015, que fue una vendimia excepcionalmente alta, con 109.014.176 kilos. Con estas uvas <strong>se elaboraron 76.506.544 de litros de vino,<\/strong> de los cuales fueron declarados D.O.P. un total de 64.205.529 litros.<\/p>\n<p>En los primeros a\u00f1os de esta d\u00e9cada, <strong>la producci\u00f3n se situ\u00f3 entre 70 y 77 millones de kilos<\/strong> de uva, mientras que en los \u00faltimos a\u00f1os ha superado los 85.<\/p>\n<p>Por variedades, la <strong>garnacha<\/strong> sigue siendo la uva con mayor producci\u00f3n (un 31 %) entre las tintas y, entre las blancas, la variedad <strong>macabeo <\/strong>(9 %).<\/p>\n<p>La calificaci\u00f3n de la <strong>a\u00f1ada de 2016 fue de MUY BUENA<\/strong>, por lo que est\u00e1 en la l\u00ednea de los \u00faltimos a\u00f1os, que han sido muy buenos o excelentes:<\/p>\n<table style=\"width: 569px\" border=\"0\" cellpadding=\"0\">\n<tbody>\n<tr>\n<td>\n<p><strong>2010<\/strong><\/p>\n<\/td>\n<td>\n<p>Excelente<\/p>\n<\/td>\n<\/tr>\n<tr>\n<td>\n<p><strong>2011<\/strong><\/p>\n<\/td>\n<td>\n<p>Excelente<\/p>\n<\/td>\n<\/tr>\n<tr>\n<td>\n<p><strong>2012<\/strong><\/p>\n<\/td>\n<td>\n<p>Muy Buena<\/p>\n<\/td>\n<\/tr>\n<tr>\n<td>\n<p><strong>2013<\/strong><\/p>\n<\/td>\n<td>\n<p>Muy Buena<\/p>\n<\/td>\n<\/tr>\n<tr>\n<td>\n<p><strong>2014<\/strong><\/p>\n<\/td>\n<td>\n<p>Muy Buena<\/p>\n<\/td>\n<\/tr>\n<tr>\n<td>\n<p><strong>2015<\/strong><\/p>\n<\/td>\n<td>\n<p>Muy Buena<\/p>\n<\/td>\n<\/tr>\n<tr>\n<td>\n<p><strong>2016<\/strong><\/p>\n<\/td>\n<td>\n<p>Muy Buena<\/p>\n<\/td>\n<\/tr>\n<\/tbody>\n<\/table>\n<p><strong>IGNACIO CASAMITJANA, NUEVO PRESIDENTE <\/strong>DE LA D.O.P. CARI\u00d1ENA<\/p>\n<p><strong>Ignacio Casamitjana Barrios<\/strong> tiene 53 a\u00f1os. Fue elegido presidente de la Denominaci\u00f3n de Origen Protegida Cari\u00f1ena el pasado 20 de julio por unanimidad del Pleno del Consejo Regulador. Es Maestro Industrial y T\u00e9cnico Industrial de Ingenier\u00eda con experiencia de m\u00e1s de 30 a\u00f1os en multinacionales del sector del autom\u00f3vil, electr\u00f3nica y ascensores, con responsabilidades de gesti\u00f3n tanto en Finanzas como en Recursos Humanos. Desde los 45 a\u00f1os se dedica a la viticultura a tiempo completo, aunque ya desde los 30 lo era a tiempo parcial. Es socio de Bodegas San Valero y agricultor a t\u00edtulo principal.<\/p>\n<p><strong><span style=\"text-decoration: underline\"> <\/strong><\/p>\n<p><strong><span style=\"text-decoration: underline\"> <\/strong><\/p>\n<p><strong> <span style=\"text-decoration: underline\">PRINCIPALES DATOS D.O.P. CARI\u00d1ENA<\/strong><\/p>\n<p>v\u00a0\u00a0\u00a0\u00a0 <em>14 T\u00c9RMINOS MUNICIPALES<\/em><\/p>\n<p>v\u00a0\u00a0\u00a0\u00a0 <em>13.768 HECT\u00c1REAS<\/em><\/p>\n<p>v\u00a0\u00a0\u00a0\u00a0 <em>1.527 VITICULTORES<\/em><\/p>\n<p>v\u00a0\u00a0\u00a0\u00a0 <em>32 BODEGAS INSCRITAS:<\/em><\/p>\n<p>\u00d8\u00a0\u00a0\u00a0\u00a0\u00a0 <em>24 ELABORADORAS.<\/em><\/p>\n<p>\u00d8\u00a0\u00a0\u00a0\u00a0\u00a0 <em>20 EMBOTELLADORAS<\/em><\/p>\n<p>\u00d8\u00a0\u00a0\u00a0\u00a0\u00a0 <em>21 EXPORTADORAS.<\/em><\/p>\n<p align=\"left\">\u00a0<\/p>\n<p>Climatolog\u00eda<\/p>\n<p align=\"left\">v\u00a0\u00a0\u00a0\u00a0 Temperatura media m\u00e1xima:\u00a0 35,5\u00ba<\/p>\n<p align=\"left\">v\u00a0\u00a0\u00a0\u00a0 Temperatura media m\u00ednima:\u00a0 -3\u00ba C<\/p>\n<p align=\"left\">v\u00a0\u00a0\u00a0\u00a0 Precipitaci\u00f3n media, Pluviometr\u00eda:\u00a0\u00a0\u00a0 250-350 mm<\/p>\n<p align=\"left\">v\u00a0\u00a0\u00a0\u00a0 Horas de sol: \u00a0\u00a0\u00a0\u00a0\u00a0\u00a0\u00a0\u00a0\u00a0\u00a0\u00a0\u00a0 2.800 horas<\/p>\n<p>Edafolog\u00eda<\/p>\n<p align=\"left\">v\u00a0\u00a0\u00a0\u00a0 Mayoritariamente suelos con <strong>sustrato rocoso, guijarros de los dep\u00f3sitos aluviales y coluviales y suelos de<\/strong> <strong>arcillas miocenas<\/strong>.<\/p>\n<p align=\"left\">v\u00a0\u00a0\u00a0\u00a0 Existen 30 tipos de suelos seg\u00fan el mapa litol\u00f3gico que se resumen en 4 tipos esenciales:\u00a0 <strong>Cascajo, Royal, Tierra fuerte arcillosa y Calar.<\/strong><\/p>\n<p align=\"left\">v\u00a0\u00a0\u00a0\u00a0 El cascajo es el suelo en el que <strong>se encuentran el 80% de los<\/strong> <strong>vi\u00f1edos de la D.O.P.<\/strong><\/p>\n<p align=\"left\">\u00a0<\/p>\n<p>Variedades<\/p>\n<p align=\"left\">\u00a0<\/p>\n<p align=\"left\">v\u00a0\u00a0\u00a0\u00a0 VARIEDADES TINTAS: Garnacha Tinta, Tempranillo, Cari\u00f1ena, Juan Ib\u00e1\u00f1ez, Cabernet-Sauvignon, Syrah, Merlot, Monastrell y Vidadillo<\/p>\n<p align=\"left\">v\u00a0\u00a0\u00a0\u00a0 VARIEDADES BLANCAS: Macabeo, Garnacha Blanca, Parellada, Moscatel de Alejandr\u00eda, Chardonnay<\/p>\n<hr>\n<figure id=\"attachment_429\" aria-describedby=\"caption-attachment-429\" style=\"width: 300px\" class=\"wp-caption alignnone\"><a href=\"\/_archivos\/imagenes\/3269.jpg\" target=\"_blank\" rel=\"noopener noreferrer\"><img decoding=\"async\" class=\"size-medium\" src=\"\/_archivos\/imagenes\/300\/3269.jpg\" alt=\"Ignacio Casamitjana3\" title=\"Ignacio Casamitjana3\" width=\"300\" height=\"auto\" \/><\/a><figcaption id=\"caption-attachment-429\" class=\"wp-caption-text\"><a href=\"\/_archivos\/imagenes\/3269.jpg\" target=\"_blank\" rel=\"noopener noreferrer\">Descargar imagen<\/a><\/figcaption><\/figure>\n<figure id=\"attachment_429\" aria-describedby=\"caption-attachment-429\" style=\"width: 300px\" class=\"wp-caption alignnone\"><a href=\"\/_archivos\/imagenes\/3270.jpg\" target=\"_blank\" rel=\"noopener noreferrer\"><img decoding=\"async\" class=\"size-medium\" src=\"\/_archivos\/imagenes\/300\/3270.jpg\" alt=\"20170803_114413\" title=\"20170803_114413\" width=\"300\" height=\"auto\" \/><\/a><figcaption id=\"caption-attachment-429\" class=\"wp-caption-text\"><a href=\"\/_archivos\/imagenes\/3270.jpg\" target=\"_blank\" rel=\"noopener noreferrer\">Descargar imagen<\/a><\/figcaption><\/figure>\n<figure id=\"attachment_429\" aria-describedby=\"caption-attachment-429\" style=\"width: 300px\" class=\"wp-caption alignnone\"><a href=\"\/_archivos\/imagenes\/3271.jpg\" target=\"_blank\" rel=\"noopener noreferrer\"><img decoding=\"async\" class=\"size-medium\" src=\"\/_archivos\/imagenes\/300\/3271.jpg\" alt=\"20170803_120423\" title=\"20170803_120423\" width=\"300\" height=\"auto\" \/><\/a><figcaption id=\"caption-attachment-429\" class=\"wp-caption-text\"><a href=\"\/_archivos\/imagenes\/3271.jpg\" target=\"_blank\" rel=\"noopener noreferrer\">Descargar imagen<\/a><\/figcaption><\/figure>\n<figure id=\"attachment_429\" aria-describedby=\"caption-attachment-429\" style=\"width: 300px\" class=\"wp-caption alignnone\"><a href=\"\/_archivos\/imagenes\/3272.jpg\" target=\"_blank\" rel=\"noopener noreferrer\"><img decoding=\"async\" class=\"size-medium\" src=\"\/_archivos\/imagenes\/300\/3272.jpg\" alt=\"Claudio Herrero, Ignacio Casamitjana y Jos\u00e9 Luis Campos\" title=\"Claudio Herrero, Ignacio Casamitjana y Jos\u00e9 Luis Campos\" width=\"300\" height=\"auto\" \/><\/a><figcaption id=\"caption-attachment-429\" class=\"wp-caption-text\"><a href=\"\/_archivos\/imagenes\/3272.jpg\" target=\"_blank\" rel=\"noopener noreferrer\">Descargar imagen<\/a><\/figcaption><\/figure>\n<figure id=\"attachment_429\" aria-describedby=\"caption-attachment-429\" style=\"width: 300px\" class=\"wp-caption alignnone\"><a href=\"\/_archivos\/imagenes\/3273.jpg\" target=\"_blank\" rel=\"noopener noreferrer\"><img decoding=\"async\" class=\"size-medium\" src=\"\/_archivos\/imagenes\/300\/3273.jpg\" alt=\"Gr\u00e1fico Evoluci\u00f3n Datos de Producci\u00f3n\" title=\"Gr\u00e1fico Evoluci\u00f3n Datos de Producci\u00f3n\" width=\"300\" height=\"auto\" \/><\/a><figcaption id=\"caption-attachment-429\" class=\"wp-caption-text\"><a href=\"\/_archivos\/imagenes\/3273.jpg\" target=\"_blank\" rel=\"noopener noreferrer\">Descargar imagen<\/a><\/figcaption><\/figure>\n<figure id=\"attachment_429\" aria-describedby=\"caption-attachment-429\" style=\"width: 300px\" class=\"wp-caption alignnone\"><a href=\"\/_archivos\/imagenes\/3274.jpg\" target=\"_blank\" rel=\"noopener noreferrer\"><img decoding=\"async\" class=\"size-medium\" src=\"\/_archivos\/imagenes\/300\/3274.jpg\" alt=\"Gr\u00e1fico Mercado Interior-Exterior\" title=\"Gr\u00e1fico Mercado Interior-Exterior\" width=\"300\" height=\"auto\" \/><\/a><figcaption id=\"caption-attachment-429\" class=\"wp-caption-text\"><a href=\"\/_archivos\/imagenes\/3274.jpg\" target=\"_blank\" rel=\"noopener noreferrer\">Descargar imagen<\/a><\/figcaption><\/figure>\n<figure id=\"attachment_429\" aria-describedby=\"caption-attachment-429\" style=\"width: 300px\" class=\"wp-caption alignnone\"><a href=\"\/_archivos\/imagenes\/3275.jpg\" target=\"_blank\" rel=\"noopener noreferrer\"><img decoding=\"async\" class=\"size-medium\" src=\"\/_archivos\/imagenes\/300\/3275.jpg\" alt=\"Gr\u00e1fico paises importadores\" title=\"Gr\u00e1fico paises importadores\" width=\"300\" height=\"auto\" \/><\/a><figcaption id=\"caption-attachment-429\" class=\"wp-caption-text\"><a href=\"\/_archivos\/imagenes\/3275.jpg\" target=\"_blank\" rel=\"noopener noreferrer\">Descargar imagen<\/a><\/figcaption><\/figure>\n<figure id=\"attachment_429\" aria-describedby=\"caption-attachment-429\" style=\"width: 300px\" class=\"wp-caption alignnone\"><a href=\"\/_archivos\/imagenes\/3276.jpg\" target=\"_blank\" rel=\"noopener noreferrer\"><img decoding=\"async\" class=\"size-medium\" src=\"\/_archivos\/imagenes\/300\/3276.jpg\" alt=\"Gr\u00e1fico producci\u00f3n de uva\" title=\"Gr\u00e1fico producci\u00f3n de uva\" width=\"300\" height=\"auto\" \/><\/a><figcaption id=\"caption-attachment-429\" class=\"wp-caption-text\"><a href=\"\/_archivos\/imagenes\/3276.jpg\" target=\"_blank\" rel=\"noopener noreferrer\">Descargar imagen<\/a><\/figcaption><\/figure>\n<figure id=\"attachment_429\" aria-describedby=\"caption-attachment-429\" style=\"width: 300px\" class=\"wp-caption alignnone\"><a href=\"\/_archivos\/imagenes\/3277.jpg\" target=\"_blank\" rel=\"noopener noreferrer\"><img decoding=\"async\" class=\"size-medium\" src=\"\/_archivos\/imagenes\/300\/3277.jpg\" alt=\"Gr\u00e1fico ventas totales\" title=\"Gr\u00e1fico ventas totales\" width=\"300\" height=\"auto\" \/><\/a><figcaption id=\"caption-attachment-429\" class=\"wp-caption-text\"><a href=\"\/_archivos\/imagenes\/3277.jpg\" target=\"_blank\" rel=\"noopener noreferrer\">Descargar imagen<\/a><\/figcaption><\/figure>    \t<\/p>\n","protected":false},"excerpt":{"rendered":"<p>El nuevo presidente de la D.O.P. Cari\u00f1ena, Ignacio Casamitjana, ha explicado hoy en rueda de prensa los objetivos prioritarios que piensa desarrollar en los pr\u00f3ximos cuatro a\u00f1os como m\u00e1ximo responsable del Consejo Regulador. Entre ellos, ha destacado impulsar una declaraci\u00f3n internacional que convierta a Cari\u00f1ena en sede mundial de la variedad de uva del mismo &hellip;<\/p>\n","protected":false},"author":6,"featured_media":3998,"comment_status":"closed","ping_status":"closed","sticky":false,"template":"","format":"standard","meta":{"_genesis_hide_title":false,"_genesis_hide_breadcrumbs":false,"_genesis_hide_singular_image":false,"_genesis_hide_footer_widgets":false,"_genesis_custom_body_class":"","_genesis_custom_post_class":"","_genesis_layout":"","ngg_post_thumbnail":0,"footnotes":""},"categories":[1],"tags":[],"class_list":{"0":"post-4208","1":"post","2":"type-post","3":"status-publish","4":"format-standard","5":"has-post-thumbnail","7":"category-noticias","8":"entry"},"_links":{"self":[{"href":"https:\/\/elvinodelaspiedras.es\/en\/wp-json\/wp\/v2\/posts\/4208"}],"collection":[{"href":"https:\/\/elvinodelaspiedras.es\/en\/wp-json\/wp\/v2\/posts"}],"about":[{"href":"https:\/\/elvinodelaspiedras.es\/en\/wp-json\/wp\/v2\/types\/post"}],"author":[{"embeddable":true,"href":"https:\/\/elvinodelaspiedras.es\/en\/wp-json\/wp\/v2\/users\/6"}],"replies":[{"embeddable":true,"href":"https:\/\/elvinodelaspiedras.es\/en\/wp-json\/wp\/v2\/comments?post=4208"}],"version-history":[{"count":2,"href":"https:\/\/elvinodelaspiedras.es\/en\/wp-json\/wp\/v2\/posts\/4208\/revisions"}],"predecessor-version":[{"id":5899,"href":"https:\/\/elvinodelaspiedras.es\/en\/wp-json\/wp\/v2\/posts\/4208\/revisions\/5899"}],"wp:featuredmedia":[{"embeddable":true,"href":"https:\/\/elvinodelaspiedras.es\/en\/wp-json\/wp\/v2\/media\/3998"}],"wp:attachment":[{"href":"https:\/\/elvinodelaspiedras.es\/en\/wp-json\/wp\/v2\/media?parent=4208"}],"wp:term":[{"taxonomy":"category","embeddable":true,"href":"https:\/\/elvinodelaspiedras.es\/en\/wp-json\/wp\/v2\/categories?post=4208"},{"taxonomy":"post_tag","embeddable":true,"href":"https:\/\/elvinodelaspiedras.es\/en\/wp-json\/wp\/v2\/tags?post=4208"}],"curies":[{"name":"wp","href":"https:\/\/api.w.org\/{rel}","templated":true}]}}