{"id":4209,"date":"2017-08-29T00:00:00","date_gmt":"2017-08-29T00:00:00","guid":{"rendered":"http:\/\/elvinodelaspiedras.local\/la-dop-carinena-y-septiembre-van-de-la-mano-con-nuevas-sorpresas-en-el-restaurante-y-la-fiesta-de-la-vendimia\/"},"modified":"2020-11-13T12:29:30","modified_gmt":"2020-11-13T12:29:30","slug":"la-dop-carinena-y-septiembre-van-de-la-mano-con-nuevas-sorpresas-en-el-restaurante-y-la-fiesta-de-la-vendimia","status":"publish","type":"post","link":"https:\/\/elvinodelaspiedras.es\/en\/comunicacion\/noticias\/la-dop-carinena-y-septiembre-van-de-la-mano-con-nuevas-sorpresas-en-el-restaurante-y-la-fiesta-de-la-vendimia\/","title":{"rendered":"La D.O.P. Cari\u00f1ena y septiembre van de la mano con nuevas \u201csorpresas en el restaurante\u201d y la fiesta de la vendimia"},"content":{"rendered":"<p>Septiembre y Cari\u00f1ena est\u00e1n un a\u00f1o m\u00e1s estrechamente unidos. La <strong>Denominaci\u00f3n de Origen Protegida Cari\u00f1ena<\/strong> ha presentado este martes &#8220;<strong>Septiembre en Cari\u00f1ena<\/strong>&#8220;, un completo programa de actividades que se desarrollar\u00e1 a lo largo de tres fines de semana del pr\u00f3ximo mes. Del <strong>8 al 10 y del 15 al 17<\/strong> tendr\u00e1 lugar en una veintena de restaurantes de Zaragoza la segunda edici\u00f3n de &#8220;<strong>Sorpresas en el restaurante<\/strong>&#8220;, en colaboraci\u00f3n con la <strong>Asociaci\u00f3n de Restaurantes de Zaragoza (Horeca)<\/strong>. Y el <strong>23 y 24 de septiembre<\/strong> se celebrar\u00e1 la <strong>51\u00aa Fiesta de la Vendimia en Cari\u00f1ena, <\/strong>declarada de<strong> Inter\u00e9s Tur\u00edstico de Arag\u00f3n <\/strong>y que contar\u00e1 este a\u00f1o con el reconocido periodista deportivo de la radio <strong>Jos\u00e9 Ram\u00f3n de la Morena<\/strong> como &#8220;Invitado de Honor&#8221;.<\/p>\n<p>La mayor y m\u00e1s antigua Denominaci\u00f3n de Arag\u00f3n ha presentado los detalles de estas actividades, as\u00ed como el nuevo <strong>spot de &#8220;El Vino de las Piedras<\/strong>&#8220;, esta ma\u00f1ana en <strong>el hotel Alfonso de Zaragoza,<\/strong> en un acto al que han asistido un <strong>centenar de invitados<\/strong> y en el que han intervenido el presidente de la Denominaci\u00f3n de Origen Protegida Cari\u00f1ena, <strong>Ignacio Casamitjana<\/strong>; el director de Comunicaci\u00f3n y Marketing, <strong>Jos\u00e9 Luis Campos<\/strong>, y la vicepresidenta de la Asociaci\u00f3n de Restaurantes de Zaragoza (Horeca), <strong>Maite Barra<\/strong>.<\/p>\n<p>El presidente <strong>Ignacio Casamitjana<\/strong> ha destacado la importante repercusi\u00f3n que el programa <strong>&#8220;Septiembre en Cari\u00f1ena&#8221;<\/strong> tendr\u00e1 para la imagen de la Denominaci\u00f3n y ha agradecido el apoyo de todas las instituciones y entidades que apoyan la campa\u00f1a. El m\u00e1ximo responsable de la D.O.P. ha destacado asimismo la <strong>colaboraci\u00f3n por segundo a\u00f1o<\/strong> con la Asociaci\u00f3n Horeca y los restaurantes participantes.<\/p>\n<p><strong>LA POES\u00cdA Y EL ARTE DE &#8220;EL VINO DE LAS PIEDRAS&#8221;<\/strong><\/p>\n<p>El p\u00fablico ha brindado y disfrutado con la <strong>nueva imagen<\/strong> de la campa\u00f1a &#8220;El Vino de las Piedras&#8221;, <strong>protagonizada esta vez por una bailarina<\/strong> de ballet. El nuevo spot y dise\u00f1o gr\u00e1fico de la D.O.P. Cari\u00f1ena sigue la l\u00ednea po\u00e9tica y art\u00edstica de los anteriores, que ten\u00edan los <strong>sue\u00f1os, la magia o la escultura<\/strong> como elementos principales.<\/p>\n<p>Los terrenos pedregosos de la Denominaci\u00f3n inspiraron la campa\u00f1a de promoci\u00f3n <strong>&#8220;El Vino de las Piedras&#8221;, que se puso en marcha en 2011<\/strong>. Desde entonces, Cari\u00f1ena se identifica con este lema, que recuerda que sus vinos son fruto de la paciencia, experiencia y de las especiales condiciones de la tierra y del clima, estableciendo tambi\u00e9n un paralelismo entre el proceso vitivin\u00edcola y de creaci\u00f3n art\u00edstica.<\/p>\n<p>&#8220;Las piedras son una de nuestras caracter\u00edsticas y atesoran una rica historia que ha servido para cimentar el prestigio de la primera Denominaci\u00f3n de Origen de Arag\u00f3n y una de las m\u00e1s antiguas de Espa\u00f1a. Y esas piedras tambi\u00e9n pueden ser <strong>el mejor escenario para el arte<\/strong>. Porque, cuando a la experiencia, a la t\u00e9cnica y al talento se suman el tes\u00f3n, los sue\u00f1os y las ilusiones, incluso las piedras se convierten en fuente de inspiraci\u00f3n para interpretar sobre ellas una obra de arte&#8221;, ha explicado <strong>Jos\u00e9 Luis Campos<\/strong>, <strong>director de Comunicaci\u00f3n y Marketing<\/strong>.<\/p>\n<p>A lo largo de los \u00faltimos a\u00f1os, la D.O.P. Cari\u00f1ena ha puesto en marcha numerosas actividades de promoci\u00f3n para impulsar sus vinos. <strong>La Ruta Enotur\u00edstica y de Verano, el Sal\u00f3n del Vino de las Piedras o el Paseo de las Estrellas <\/strong>han sido algunas de estas iniciativas que han contribuido a difundir las cualidades y la calidad de los vinos.<\/p>\n<p><strong>NUEVAS SORPRESAS EN EL RESTAURANTE<\/strong><\/p>\n<p>El pasado a\u00f1o, se desarroll\u00f3 por primera vez la campa\u00f1a <strong>&#8220;Sorpresas en el restaurante&#8221;<\/strong>, que tendr\u00e1 continuidad tambi\u00e9n el pr\u00f3ximo mes de septiembre, durante dos fines de semana completos en un total de 18 establecimientos de Zaragoza. El evento se lleva a cabo en colaboraci\u00f3n con la <strong>Asociaci\u00f3n de Restaurantes de Zaragoza (Horeca).<\/strong><\/p>\n<p>Durante los seis d\u00edas -del 8 al 10 y del 15 al 17 de septiembre- se repartir\u00e1n <strong>20.000 euros en premios<\/strong>. Los principales son un <strong>Crucero para dos personas, una TV de 50 pulgadas y un Iphone 7 de 256 Gb<\/strong>. Pero los participantes tambi\u00e9n pueden ganar 18 cenas para dos personas, 20 viajes para dos personas en el bus &#8220;Ruta El Vino de las Piedras&#8221; (para visitar la Fiesta de la Vendimia de Cari\u00f1ena 2017), 18 sets de vino, 270 estuches de dos botellas &#8220;El Vino de las Piedras&#8221; y 1.500 botellas de &#8220;El Vino de las Piedras&#8221;.<\/p>\n<p>Al igual que el a\u00f1o pasado, todos aquellos que participen en la promoci\u00f3n tienen <strong>premio seguro por cada botella de la D.O.P. Cari\u00f1ena<\/strong> que consuman en la comida o cena. En todos los restaurantes habr\u00e1 una embajadora de la Denominaci\u00f3n que ofrecer\u00e1 en primer lugar una degustaci\u00f3n gratuita de uno de los vinos de Cari\u00f1ena incluidos en la promoci\u00f3n. Si el cliente del restaurante decide maridar finalmente su comida con un vino de esta Denominaci\u00f3n, la embajadora le ofrecer\u00e1 una tarjeta-rasca por cada botella que pida y le entregar\u00e1 inmediatamente el premio obtenido (o bien un vale canjeable, dependiendo del regalo).<\/p>\n<p>Los <strong>18 restaurantes<\/strong> donde se pueden descubrir las sorpresas de El Vino de las Piedras son: +Albarrac\u00edn, A Mesa Puesta, Casa Lac, El Bandido, El Candelas, El Chalet, El Foro, La Bodega de Chema, La Cuna del Cierzo, La Parrilla de Albarrac\u00edn, La Rinconada de Lorenzo, La Torreta de Sanclemente,\u00a0 Las Palomas, Los Xarmientos, Montal, La nueva Karambola, Tulu y Urola.<\/p>\n<p>En la campa\u00f1a participan <strong>11 bodegas<\/strong>: Covinca, Dominio de Longaz, Esteban Mart\u00edn, Gabarda, Grandes Vinos, Hacienda Molleda, Hermanos Torcal, Ignacio Mar\u00edn, Paniza, San Valero-Grupo BSV y Solar de Urbezo. En total <strong>aportan 16 vinos, de los que 13 son tintos y tres blancos<\/strong>.<\/p>\n<p>La <strong>vicepresidenta de Horeca Zaragoza, Maite Barra<\/strong>, ha resaltado que los restaurantes de la capital aragonesa est\u00e1n &#8220;<strong>encantados de promocionar los productos de la tierra<\/strong>, en este caso los vinos de la Denominaci\u00f3n Cari\u00f1ena, fundamentales y de una gran calidad&#8221;. En este sentido, ha recordado el buen balance del pasado a\u00f1o: &#8220;Todos nuestros clientes se quedaron <strong>muy sorprendidos y satisfechos con la primera edici\u00f3n<\/strong>. Es una excelente oportunidad para conocer y disfrutar los buenos vinos que hacen las bodegas de esta Denominaci\u00f3n, en copas y a la temperatura adecuadas, con las explicaciones de las embajadoras de Cari\u00f1ena y <strong>llev\u00e1ndose adem\u00e1s un premio seguro<\/strong>&#8220;.<\/p>\n<p><strong>51\u00aa FIESTA DE LA VENDIMIA<\/strong><\/p>\n<p>Y una vez terminados los dos fines de semana de &#8220;Sorpresas en el restaurante&#8221;, la celebraci\u00f3n seguir\u00e1 en Cari\u00f1ena al siguiente <strong>(23 y 24 de septiembre<\/strong>) con la tradicional Fiesta de la Vendimia, declarada de<strong> Inter\u00e9s Tur\u00edstico de Arag\u00f3n <\/strong>y que este a\u00f1o alcanza su 51\u00aa edici\u00f3n.<\/p>\n<p>El acto principal &#8211;<strong>Exaltaci\u00f3n del Vino y posterior Ofrenda al Santo Cristo de Santiago<\/strong>&#8211; tendr\u00e1 lugar el domingo 24 a partir de las 11,30 horas. Como cada a\u00f1o, cientos de personas se concentrar\u00e1n en la plaza de Espa\u00f1a para ver c\u00f3mo surge el primer mosto del a\u00f1o tras el pisado de la uva a cargo de dos viticultores de la Denominaci\u00f3n.<\/p>\n<p>A continuaci\u00f3n el &#8220;Invitado de Honor&#8221; -este a\u00f1o el <strong>reconocido periodista deportivo de la radio Jos\u00e9 Ram\u00f3n de la Morena, <\/strong>responsable de &#8220;El larguero&#8221; durante muchos a\u00f1os en la SER y actualmente de <strong>&#8220;El transistor&#8221; en Onda Cero<\/strong>&#8211; encender\u00e1 la <strong>Fuente de la Mora<\/strong>, de la que brotar\u00e1n durante toda la jornada miles de litros de vino. El acto concluir\u00e1 con el ofrecimiento del mosto al Santo Cristo de Santiago.<\/p>\n<p>Como ya tambi\u00e9n es tradici\u00f3n, el &#8220;Invitado de Honor&#8221; impondr\u00e1 sus manos posteriormente en el <strong>Paseo de las Estrellas<\/strong>, donde ya lucen desde 2014 las huellas de otros personajes destacados que han visitado la Denominaci\u00f3n Cari\u00f1ena: <strong>David Trueba, Gabino Diego, Miguel \u00c1ngel Lamata, Paula Ortiz, Eduardo Noriega, Elvira Lindo y Luisa Gavasa<\/strong>.<\/p>\n<p>Al mismo tiempo, se abrir\u00e1 al p\u00fablico la <strong>Plaza del Vino<\/strong>, donde se podr\u00e1n degustar en jornada de ma\u00f1ana y tarde las principales marcas de El Vino de las Piedras junto a ricas tapas y raciones. En el escenario y en las inmediaciones de la plaza habr\u00e1 <strong>actuaciones musicales y actividades infantiles<\/strong>. La Plaza del Vino estar\u00e1 abierta tambi\u00e9n durante la jornada del s\u00e1bado 23, a partir de las 19 horas.<\/p>\n<p>La Fiesta de la Vendimia fue declarada el pasado a\u00f1o por el Gobierno aut\u00f3nomo, coincidiendo con su 50\u00ba aniversario,\u00a0 <strong>Fiesta de Inter\u00e9s Tur\u00edstico de Arag\u00f3n.<\/strong><\/p>\n<p>(Im\u00e1genes: FOTOGRAF\u00cdA ALMOZARA)<\/p>\n<hr>\n<figure id=\"attachment_430\" aria-describedby=\"caption-attachment-430\" style=\"width: 300px\" class=\"wp-caption alignnone\"><a href=\"\/_archivos\/imagenes\/3294.jpg\" target=\"_blank\" rel=\"noopener noreferrer\"><img decoding=\"async\" class=\"size-medium\" src=\"\/_archivos\/imagenes\/300\/3294.jpg\" alt=\"Jos\u00e9 Luis Campos, director de Comunicaci\u00f3n y Marketing DOP Cari\u00f1ena\" title=\"Jos\u00e9 Luis Campos, director de Comunicaci\u00f3n y Marketing DOP Cari\u00f1ena\" width=\"300\" height=\"auto\" \/><\/a><figcaption id=\"caption-attachment-430\" class=\"wp-caption-text\"><a href=\"\/_archivos\/imagenes\/3294.jpg\" target=\"_blank\" rel=\"noopener noreferrer\">Descargar imagen<\/a><\/figcaption><\/figure>\n<figure id=\"attachment_430\" aria-describedby=\"caption-attachment-430\" style=\"width: 300px\" class=\"wp-caption alignnone\"><a href=\"\/_archivos\/imagenes\/3295.jpg\" target=\"_blank\" rel=\"noopener noreferrer\"><img decoding=\"async\" class=\"size-medium\" src=\"\/_archivos\/imagenes\/300\/3295.jpg\" alt=\"Brindis colectivo por la nueva campa\u00f1a de El Vino de las Piedras\" title=\"Brindis colectivo por la nueva campa\u00f1a de El Vino de las Piedras\" width=\"300\" height=\"auto\" \/><\/a><figcaption id=\"caption-attachment-430\" class=\"wp-caption-text\"><a href=\"\/_archivos\/imagenes\/3295.jpg\" target=\"_blank\" rel=\"noopener noreferrer\">Descargar imagen<\/a><\/figcaption><\/figure>\n<figure id=\"attachment_430\" aria-describedby=\"caption-attachment-430\" style=\"width: 300px\" class=\"wp-caption alignnone\"><a href=\"\/_archivos\/imagenes\/3296.jpg\" target=\"_blank\" rel=\"noopener noreferrer\"><img decoding=\"async\" class=\"size-medium\" src=\"\/_archivos\/imagenes\/300\/3296.jpg\" alt=\"Jos\u00e9 Luis Campos, Maite Barra e Ignacio Casamitjana\" title=\"Jos\u00e9 Luis Campos, Maite Barra e Ignacio Casamitjana\" width=\"300\" height=\"auto\" \/><\/a><figcaption id=\"caption-attachment-430\" class=\"wp-caption-text\"><a href=\"\/_archivos\/imagenes\/3296.jpg\" target=\"_blank\" rel=\"noopener noreferrer\">Descargar imagen<\/a><\/figcaption><\/figure>\n<figure id=\"attachment_430\" aria-describedby=\"caption-attachment-430\" style=\"width: 300px\" class=\"wp-caption alignnone\"><a href=\"\/_archivos\/imagenes\/3297.jpg\" target=\"_blank\" rel=\"noopener noreferrer\"><img decoding=\"async\" class=\"size-medium\" src=\"\/_archivos\/imagenes\/300\/3297.jpg\" alt=\"Un momento del acto de presentaci\u00f3n\" title=\"Un momento del acto de presentaci\u00f3n\" width=\"300\" height=\"auto\" \/><\/a><figcaption id=\"caption-attachment-430\" class=\"wp-caption-text\"><a href=\"\/_archivos\/imagenes\/3297.jpg\" target=\"_blank\" rel=\"noopener noreferrer\">Descargar imagen<\/a><\/figcaption><\/figure>    \t<\/p>\n","protected":false},"excerpt":{"rendered":"<p>Septiembre y Cari\u00f1ena est\u00e1n un a\u00f1o m\u00e1s estrechamente unidos. La Denominaci\u00f3n de Origen Protegida Cari\u00f1ena ha presentado este martes &#8220;Septiembre en Cari\u00f1ena&#8220;, un completo programa de actividades que se desarrollar\u00e1 a lo largo de tres fines de semana del pr\u00f3ximo mes. Del 8 al 10 y del 15 al 17 tendr\u00e1 lugar en una veintena &hellip;<\/p>\n","protected":false},"author":6,"featured_media":4000,"comment_status":"closed","ping_status":"closed","sticky":false,"template":"","format":"standard","meta":{"_genesis_hide_title":false,"_genesis_hide_breadcrumbs":false,"_genesis_hide_singular_image":false,"_genesis_hide_footer_widgets":false,"_genesis_custom_body_class":"","_genesis_custom_post_class":"","_genesis_layout":"","ngg_post_thumbnail":0,"footnotes":""},"categories":[1],"tags":[],"class_list":{"0":"post-4209","1":"post","2":"type-post","3":"status-publish","4":"format-standard","5":"has-post-thumbnail","7":"category-noticias","8":"entry"},"_links":{"self":[{"href":"https:\/\/elvinodelaspiedras.es\/en\/wp-json\/wp\/v2\/posts\/4209"}],"collection":[{"href":"https:\/\/elvinodelaspiedras.es\/en\/wp-json\/wp\/v2\/posts"}],"about":[{"href":"https:\/\/elvinodelaspiedras.es\/en\/wp-json\/wp\/v2\/types\/post"}],"author":[{"embeddable":true,"href":"https:\/\/elvinodelaspiedras.es\/en\/wp-json\/wp\/v2\/users\/6"}],"replies":[{"embeddable":true,"href":"https:\/\/elvinodelaspiedras.es\/en\/wp-json\/wp\/v2\/comments?post=4209"}],"version-history":[{"count":1,"href":"https:\/\/elvinodelaspiedras.es\/en\/wp-json\/wp\/v2\/posts\/4209\/revisions"}],"predecessor-version":[{"id":5898,"href":"https:\/\/elvinodelaspiedras.es\/en\/wp-json\/wp\/v2\/posts\/4209\/revisions\/5898"}],"wp:featuredmedia":[{"embeddable":true,"href":"https:\/\/elvinodelaspiedras.es\/en\/wp-json\/wp\/v2\/media\/4000"}],"wp:attachment":[{"href":"https:\/\/elvinodelaspiedras.es\/en\/wp-json\/wp\/v2\/media?parent=4209"}],"wp:term":[{"taxonomy":"category","embeddable":true,"href":"https:\/\/elvinodelaspiedras.es\/en\/wp-json\/wp\/v2\/categories?post=4209"},{"taxonomy":"post_tag","embeddable":true,"href":"https:\/\/elvinodelaspiedras.es\/en\/wp-json\/wp\/v2\/tags?post=4209"}],"curies":[{"name":"wp","href":"https:\/\/api.w.org\/{rel}","templated":true}]}}