{"id":4210,"date":"2017-09-24T00:00:00","date_gmt":"2017-09-24T00:00:00","guid":{"rendered":"http:\/\/elvinodelaspiedras.local\/jose-ramon-de-la-morena-me-asombra-la-calidad-de-los-vinos-de-las-piedras-de-carinena-me-encantan-y-los-disfruto-en-momentos-especiales\/"},"modified":"2020-11-13T12:29:29","modified_gmt":"2020-11-13T12:29:29","slug":"jose-ramon-de-la-morena-me-asombra-la-calidad-de-los-vinos-de-las-piedras-de-carinena-me-encantan-y-los-disfruto-en-momentos-especiales","status":"publish","type":"post","link":"https:\/\/elvinodelaspiedras.es\/en\/comunicacion\/noticias\/jose-ramon-de-la-morena-me-asombra-la-calidad-de-los-vinos-de-las-piedras-de-carinena-me-encantan-y-los-disfruto-en-momentos-especiales\/","title":{"rendered":"Jos\u00e9 Ram\u00f3n de la Morena: \u201cme asombra la calidad de los vinos de las piedras de Cari\u00f1ena, me encantan y los disfruto en momentos especiales\u201d"},"content":{"rendered":"<p>La <strong>Fiesta de la Vendimia<\/strong> de la Denominaci\u00f3n de Origen Protegida Cari\u00f1ena -declarada de <strong>Inter\u00e9s Tur\u00edstico de Arag\u00f3n<\/strong>&#8211; ha vivido este domingo su <strong>51\u00aa edici\u00f3n<\/strong> con un d\u00eda espl\u00e9ndido de sol, que ha animado al p\u00fablico a abarrotar la plaza de <strong>la Fuente de la Mora<\/strong> e incluso calles adyacentes. Cientos de personas han disfrutado con el ingenioso discurso que ha pronunciado <strong>el Invitado de Honor de este a\u00f1o, el periodista deportivo Jos\u00e9 Ram\u00f3n de la Morena<\/strong>, quien posteriormente ha plasmado <strong>sus huellas en el Paseo de las Estrellas.<\/strong><\/p>\n<p>En representaci\u00f3n del Gobierno de Arag\u00f3n han estado presentes tres consejeros &#8211;<strong>Vicente Guill\u00e9n<\/strong> (Presidencia), <strong>Joaqu\u00edn Olona<\/strong> (Desarrollo Rural)\u00a0 y <strong>Jos\u00e9 Luis Soro<\/strong> (responsable de Turismo)-, junto a <strong>numerosas autoridades, l\u00edderes de partidos aragoneses y de entidades sociales y econ\u00f3micas<\/strong>. Tambi\u00e9n una representaci\u00f3n de importadores de vino y periodistas especializados del <strong>Benelux, que durante tres d\u00edas<\/strong> van a conocer de primera mano la Denominaci\u00f3n zaragozana.<\/p>\n<p>El acto de Exaltaci\u00f3n del Vino, como es tradicional, ha tenido lugar a mediod\u00eda en la plaza de Espa\u00f1a, donde se ubica la Fuente de la Mora.\u00a0 <strong>Dos j\u00f3venes de Almonacid de la Sierra -uno de los 14 municipios de la D.O.P.-, Mar\u00eda Pilar Lorente y Diego Campos, <\/strong>han sido los encargados este a\u00f1o de pisar las uvas en la portadera para obtener el <strong>primer mosto de la vendimia<\/strong>. El l\u00edquido ha sido ofrecido posteriormente, como tambi\u00e9n es tradici\u00f3n al <strong>Santo Cristo de Santiago, patr\u00f3n de Cari\u00f1ena<\/strong>.<\/p>\n<p>El <strong>momento cubre del acto es el encendido de la Fuente<\/strong>, a cargo del Invitado de Honor, que ha estado acompa\u00f1ado por el presidente de la Denominaci\u00f3n, Ignacio Casamitjana, y por los tres miembros del Gobierno de Arag\u00f3n. As\u00ed, han <strong>comenzado a brotar miles de litros de vino<\/strong> en lugar de la habitual agua. El vino seguir\u00e1 fluyendo en la fuente durante toda la jornada, <strong>algo \u00fanico en todas las fiestas de la vendimia que se celebran en Espa\u00f1a.<\/strong><\/p>\n<p>El reconocido periodista deportivo, director y presentador en la actualidad del programa <strong>&#8220;El Transistor&#8221; de Onda Cero<\/strong> y durante 17 a\u00f1os de El Larguero en la Cadena SER, ha comenzado su discurso present\u00e1ndose as\u00ed: &#8220;Soy <strong>Jos\u00e9 Ram\u00f3n, un humilde viticultor<\/strong> de la Castilla m\u00e1s vieja&#8221;.\u00a0 De la Morena ha explicado que en Brunete (Madrid) cultiva unas peque\u00f1as cepas de uva blanca a las que &#8220;mima y protege&#8221;. <strong>El periodista ha contado c\u00f3mo de sus vi\u00f1edos ha conseguido elaborar unas 200 botellas<\/strong> que regala a sus amigos y que etiqueta con el nombre de &#8220;El Transistor&#8221;, como su programa de radio.<\/p>\n<p>De la Morena <strong>ha querido dedicar su intervenci\u00f3n a &#8220;las dos personas que tengo en mi mente cada vez que alzo una copa de vino&#8221;.<\/strong> La primera de ellas, ha contado, es <strong>Jorge Ruano, ingeniero de la SER<\/strong>, que le inst\u00f3 a disfrutar del vino mientras realizaban las coberturas del Tour de Francia. &#8220;Jorge me ense\u00f1\u00f3 a olerlo, a buscarle los sabores&#8230; pero lo que aprend\u00ed con \u00e9l es que <strong>el vino cuando mejor est\u00e1 es cuando lo bebes con amigos<\/strong>&#8220;, ha subrayado.<\/p>\n<p>A la segunda persona a la que ha dedicado su intervenci\u00f3n ha sido al empresario Juan Luis de Tarifa, quien le ense\u00f1\u00f3 la historia de las Bodas de Can\u00e1 <strong>que el periodista ha relatado en una versi\u00f3n sui generis, con divertidos toques de humor<\/strong>, ante el p\u00fablico que ha llenado la plaza de la Fuente de la Mora de Cari\u00f1ena. Una historia en la que <strong>los Vinos de las Piedras se han convertido en los protagonistas de la boda b\u00edblica m\u00e1s famosa<\/strong> y que ha mantenido en vilo a todos los espectadores. De la Morena ha &#8220;desvelado&#8221; finalmene que el excelente vino que elabor\u00f3 Jesucristo en esa celebraci\u00f3n era de Cari\u00f1ena.<\/p>\n<p>Tras el acto, Jos\u00e9 Ram\u00f3n de la Morena ha manifestado en declaraciones a los medios de comunicaci\u00f3n: &#8220;Una de las cosas que m\u00e1s me asombra es la calidad de la Denominaci\u00f3n Cari\u00f1ena, <strong>los Vinos de las Piedras me encantan y los tengo en casa para momentos especiales&#8221;. <\/strong><\/p>\n<p>Como tambi\u00e9n es tradici\u00f3n, el &#8220;Invitado de Honor&#8221; ha impuesto adem\u00e1s sus manos posteriormente en el <strong>Paseo de las Estrellas<\/strong>, donde ya lucen desde 2014 las huellas de otros personajes destacados que han visitado la Denominaci\u00f3n Cari\u00f1ena: <strong>David Trueba, Gabino Diego, Miguel \u00c1ngel Lamata, Paula Ortiz, Eduardo Noriega, Elvira Lindo y Luisa Gavasa<\/strong>.<\/p>\n<p><strong>IGNACIO CASAMITJANA, PRIMERA FIESTA DE LA VENDIMIA COMO NUEVO PRESIDENTE DE LA D.O.P.<\/strong><\/p>\n<p>Por su parte, <strong>Ignacio Casamitjana<\/strong>, presidente de la <strong>Denominaci\u00f3n de Origen Protegida<\/strong> desde el pasado mes de julio, ha comenzado su intervenci\u00f3n agradeciendo al pleno del Consejo Regulador por haberle dado &#8220;su apoyo un\u00e1nime para comenzar esta andadura&#8221;.<\/p>\n<p>Para el m\u00e1ximo responsable de la Denominaci\u00f3n, &#8220;<strong>la Fiesta de la Vendimia es el homenaje m\u00e1s caluroso y merecido que podemos ofrecer a los m\u00e1s de 1.500 viticultores <\/strong>que desaf\u00edan las adversidades que surgen a lo largo de todo el a\u00f1o, para llegar a este punto donde nos encontramos, la cosecha que dar\u00e1 el medio <strong>de vida y el sustento de toda una comarca&#8221;. <\/strong><\/p>\n<p>En este sentido, ha subrayado que su primer objetivo va a ser &#8220;<strong>defender los intereses de todo el colectivo<\/strong>&#8221; pero ha a\u00f1adido: &#8220;La labor de cosecha se alarga m\u00e1s all\u00e1 del \u00faltimo sarmiento, llega hasta nuestras ant\u00edpodas con la labor de comercializaci\u00f3n y venta de nuestros vinos, para que el ciclo perfecto se cierre y pueda dar comienzo a una nueva campa\u00f1a. Somos conscientes\u00a0 de que defender los intereses de los viticultores <strong>supone dar apoyo al sector productivo y comercial de nuestros vinos, en definitiva a todas las bodegas&#8221;.<\/strong><\/p>\n<p><strong>&#8220;Uni\u00f3n y equilibrio&#8221; ha sido la consigna que ha lanzado a todas ellas<\/strong>: &#8220;Podemos reconocer que entre unas bodegas y otras existe competencia, pero no olvidemos que hay un \u00fanico <strong>objetivo com\u00fan, que es vender los vinos de Cari\u00f1ena<\/strong>. Ese es el reto para el que debemos arremangarnos todos. Hacer una Denominaci\u00f3n m\u00e1s grande y rentable para todas nuestras gentes&#8221;.<\/p>\n<p>El presidente de la D.O.P. Cari\u00f1ena ha aprovechado la presencia del &#8220;Invitado de Honor&#8221;, Jos\u00e9 Ram\u00f3n de la Morena, &#8220;para <strong>tomarle como referencia y manual de estilo<\/strong> para todos nosotros de cara a alcanzar nuestros objetivos: Trabajo, esfuerzo, constancia, honradez, equipo y, en definitiva, hacer bien las cosas para conseguir ser l\u00edder&#8221;.<\/p>\n<p>Casamitjana ha reclamado de igual forma apoyo institucional al &#8220;<strong>reto ilusionante que hemos lanzado como es la defensa y potenciaci\u00f3n de la variedad Cari\u00f1ena en todo el mundo<\/strong>&#8220;. En este sentido, ha destacado que ya cuenta con &#8220;importantes aliados&#8221; como los responsables del Ayuntamiento cari\u00f1enense, la comarca Campo de Cari\u00f1ena, FEDIVALCA y de la Diputaci\u00f3n Provincial de Zaragoza.<\/p>\n<p>El presidente tambi\u00e9n ha reclamado al Gobierno de Arag\u00f3n <strong>apoyo para mejorar el Museo del Vino, uno de los estandartes enotur\u00edsticos de la D.O.P<\/strong>. &#8220;La ruta del Vino del Campo de Cari\u00f1ena&#8230; la ruta de &#8216;El Vino de las Piedras&#8217;, de la que nuestra Denominaci\u00f3n\u00a0 forma parte activa, necesita actualizar el Museo del Vino, ya que es uno de los mayores atractivos para los enoturistas que nos quieren conocer y visitar&#8221;, ha se\u00f1alado.Adem\u00e1s, Casamitjana ha destacado que a las actividades de &#8216;Septiembre en Cari\u00f1ena&#8217; &#8220;se suma una <strong>misi\u00f3n comercial de importadores de vino y de periodistas especializados del Benelux<\/strong>, los cuales han iniciado su tarea asistiendo a esta exaltaci\u00f3n del vino&#8221;, y les ha dado expresamente la bienvenida.<\/p>\n<p>Por \u00faltimo, y tal como qued\u00f3 institucionalizado con motivo del 75 aniversario de la Denominaci\u00f3n, <strong>Casamitjana ha impuesto al presidente saliente, Antonio Ubide, la insignia de platino<\/strong>, la m\u00e1xima condecoraci\u00f3n que concede el Consejo Regulador. &#8220;Mi m\u00e1s sincera enhorabuena y muchas gracias por tu aportaci\u00f3n y labor en nombre de la Denominaci\u00f3n de Origen&#8221;, ha resaltado.<\/p>\n<p><strong>VICENTE GUILL\u00c9N: &#8220;CARI\u00d1ENA ES UN LUGAR \u00daNICO Y EXCEPCIONAL&#8221;<\/strong><\/p>\n<p>El <strong>consejero de Presidencia del Gobierno de Arag\u00f3n, Vicente Guill\u00e9n<\/strong>, ha destacado el apoyo al Consejo Regulador de la D.O.P. Cari\u00f1ena para su nuevo proyecto de relanzamiento y de ser referente internacional de la variedad de uva cari\u00f1ena. &#8220;<strong>Porque a trav\u00e9s del vino lo que hacemos es vender un lugar excepcional, un paisaje \u00fanico, Cari\u00f1ena<\/strong>&#8220;, ha declarado. &#8220;Hab\u00e9is sabido hacer excelentes vinos que traspasan nuestras fronteras. <strong>El vino en la actividad econ\u00f3mica de Arag\u00f3n a\u00f1ade un valor muy importante<\/strong> a nuestro PIB y nos ayuda en la <strong>lucha contra la despoblaci\u00f3n<\/strong>&#8220;, ha subrayado el consejero.<\/p>\n<p>Por su parte, el <strong>alcalde de Cari\u00f1ena y presidente de la Comarca Campo de Cari\u00f1ena, Sergio Ortiz,<\/strong> ha destacado la importancia de la Fiesta de la Vendimia porque &#8220;<strong>sirve para celebrar todo un a\u00f1o de trabajo<\/strong>&#8220;. Ortiz ha ofrecido su ayuda e implicaci\u00f3n para colaborar con la D.O.P. en el nuevo reto de convertir a Cari\u00f1ena en la sede mundial de la variedad de uva &#8220;cari\u00f1ena&#8221;.<\/p>\n<p><strong>LA PLAZA DEL VINO, LLENA LOS DOS D\u00cdAS<\/strong><\/p>\n<p>Los actos de la 51\u00aa Fiesta de la Vendimia de la D.O.P. Cari\u00f1ena arrancaron ayer s\u00e1bado por la tarde, con la apertura de las <strong>17 casetas de la Plaza del Vino<\/strong>, situada junto al Paseo de las Estrellas. En ella se pueden degustar los Vinos de las Piedras y <strong>ricas tapas y raciones de la gastronom\u00eda aragonesa.<\/strong> Hoy ha abierto de nuevo por la ma\u00f1ana y \u00a0tambi\u00e9n por la tarde noche, hasta las 22 horas. En el <strong>escenario y en las inmediaciones de la plaza hay actuaciones musicales y actividades infantiles<\/strong> y juveniles a cargo de &#8220;Cosco &amp; Leo&#8221; y &#8220;Caranto\u00f1a&#8221;. Anoche actuaron &#8220;Los tres norteamericanos&#8221;. El p\u00fablico ha llenado este recinto los dos d\u00edas.<\/p>\n<p>La Fiesta de la Vendimia fue declarada el pasado a\u00f1o por el Gobierno aut\u00f3nomo, coincidiendo con su 50\u00ba aniversario,\u00a0 <strong>Fiesta de Inter\u00e9s Tur\u00edstico de Arag\u00f3n.<\/strong><\/p>\n<p>Con esta tradicional convocatoria, que marca un momento clave para este territorio de la provincia de Zaragoza, culminan las actividades de <strong>&#8220;Septiembre en Cari\u00f1ena&#8221;,<\/strong> el amplio programa desarrollado este mes por la Denominaci\u00f3n, que arranc\u00f3 con la celebraci\u00f3n de la campa\u00f1a <strong>&#8220;Sorpresas en el restaurante&#8221;<\/strong>, durante los dos pasados fines de semana en una veintena de restaurantes zaragozanos.<\/p>\n<hr>\n<figure id=\"attachment_438\" aria-describedby=\"caption-attachment-438\" style=\"width: 300px\" class=\"wp-caption alignnone\"><a href=\"\/_archivos\/imagenes\/3331.jpg\" target=\"_blank\" rel=\"noopener noreferrer\"><img decoding=\"async\" class=\"size-medium\" src=\"\/_archivos\/imagenes\/300\/3331.jpg\" alt=\"P1010592\" title=\"P1010592\" width=\"300\" height=\"auto\" \/><\/a><figcaption id=\"caption-attachment-438\" class=\"wp-caption-text\"><a href=\"\/_archivos\/imagenes\/3331.jpg\" target=\"_blank\" rel=\"noopener noreferrer\">Descargar imagen<\/a><\/figcaption><\/figure>\n<figure id=\"attachment_438\" aria-describedby=\"caption-attachment-438\" style=\"width: 300px\" class=\"wp-caption alignnone\"><a href=\"\/_archivos\/imagenes\/3332.jpg\" target=\"_blank\" rel=\"noopener noreferrer\"><img decoding=\"async\" class=\"size-medium\" src=\"\/_archivos\/imagenes\/300\/3332.jpg\" alt=\"Dos j\u00f3venes de Almonacid, Mar\u00eda Pilar Lorente y Diego Campos, pisan las uvas en la portadera\" title=\"Dos j\u00f3venes de Almonacid, Mar\u00eda Pilar Lorente y Diego Campos, pisan las uvas en la portadera\" width=\"300\" height=\"auto\" \/><\/a><figcaption id=\"caption-attachment-438\" class=\"wp-caption-text\"><a href=\"\/_archivos\/imagenes\/3332.jpg\" target=\"_blank\" rel=\"noopener noreferrer\">Descargar imagen<\/a><\/figcaption><\/figure>\n<figure id=\"attachment_438\" aria-describedby=\"caption-attachment-438\" style=\"width: 300px\" class=\"wp-caption alignnone\"><a href=\"\/_archivos\/imagenes\/3333.jpg\" target=\"_blank\" rel=\"noopener noreferrer\"><img decoding=\"async\" class=\"size-medium\" src=\"\/_archivos\/imagenes\/300\/3333.jpg\" alt=\"El p\u00fablico abarrot\u00f3 la plaza de Espa\u00f1a de Cari\u00f1ena y algunas calles adyacentes\" title=\"El p\u00fablico abarrot\u00f3 la plaza de Espa\u00f1a de Cari\u00f1ena y algunas calles adyacentes\" width=\"300\" height=\"auto\" \/><\/a><figcaption id=\"caption-attachment-438\" class=\"wp-caption-text\"><a href=\"\/_archivos\/imagenes\/3333.jpg\" target=\"_blank\" rel=\"noopener noreferrer\">Descargar imagen<\/a><\/figcaption><\/figure>\n<figure id=\"attachment_438\" aria-describedby=\"caption-attachment-438\" style=\"width: 300px\" class=\"wp-caption alignnone\"><a href=\"\/_archivos\/imagenes\/3334.jpg\" target=\"_blank\" rel=\"noopener noreferrer\"><img decoding=\"async\" class=\"size-medium\" src=\"\/_archivos\/imagenes\/300\/3334.jpg\" alt=\"Jos\u00e9 Ram\u00f3n de la Morena enciende la Fuente de la Mora junto a Soro, Casamitjana, Guill\u00e9n y Olona\" title=\"Jos\u00e9 Ram\u00f3n de la Morena enciende la Fuente de la Mora junto a Soro, Casamitjana, Guill\u00e9n y Olona\" width=\"300\" height=\"auto\" \/><\/a><figcaption id=\"caption-attachment-438\" class=\"wp-caption-text\"><a href=\"\/_archivos\/imagenes\/3334.jpg\" target=\"_blank\" rel=\"noopener noreferrer\">Descargar imagen<\/a><\/figcaption><\/figure>\n<figure id=\"attachment_438\" aria-describedby=\"caption-attachment-438\" style=\"width: 300px\" class=\"wp-caption alignnone\"><a href=\"\/_archivos\/imagenes\/3335.jpg\" target=\"_blank\" rel=\"noopener noreferrer\"><img decoding=\"async\" class=\"size-medium\" src=\"\/_archivos\/imagenes\/300\/3335.jpg\" alt=\"Jos\u00e9 Ram\u00f3n de la Morena impone sus manos en el Paseo de las Estrellas de Cari\u00f1ena\" title=\"Jos\u00e9 Ram\u00f3n de la Morena impone sus manos en el Paseo de las Estrellas de Cari\u00f1ena\" width=\"300\" height=\"auto\" \/><\/a><figcaption id=\"caption-attachment-438\" class=\"wp-caption-text\"><a href=\"\/_archivos\/imagenes\/3335.jpg\" target=\"_blank\" rel=\"noopener noreferrer\">Descargar imagen<\/a><\/figcaption><\/figure>\n<figure id=\"attachment_438\" aria-describedby=\"caption-attachment-438\" style=\"width: 300px\" class=\"wp-caption alignnone\"><a href=\"\/_archivos\/imagenes\/3336.jpg\" target=\"_blank\" rel=\"noopener noreferrer\"><img decoding=\"async\" class=\"size-medium\" src=\"\/_archivos\/imagenes\/300\/3336.jpg\" alt=\"La Fiesta de la Vendimia est\u00e1 declarada de Inter\u00e9s Tur\u00edstico de Arag\u00f3n\" title=\"La Fiesta de la Vendimia est\u00e1 declarada de Inter\u00e9s Tur\u00edstico de Arag\u00f3n\" width=\"300\" height=\"auto\" \/><\/a><figcaption id=\"caption-attachment-438\" class=\"wp-caption-text\"><a href=\"\/_archivos\/imagenes\/3336.jpg\" target=\"_blank\" rel=\"noopener noreferrer\">Descargar imagen<\/a><\/figcaption><\/figure>\n<figure id=\"attachment_438\" aria-describedby=\"caption-attachment-438\" style=\"width: 300px\" class=\"wp-caption alignnone\"><a href=\"\/_archivos\/imagenes\/3337.jpg\" target=\"_blank\" rel=\"noopener noreferrer\"><img decoding=\"async\" class=\"size-medium\" src=\"\/_archivos\/imagenes\/300\/3337.jpg\" alt=\"Mart\u00edn Llanas, Sergio Ortiz, Vicente Guill\u00e9n, Jos\u00e9 Ramon de la Morena, Ignacio Casamitjana, Jos\u00e9 Lui\" title=\"Mart\u00edn Llanas, Sergio Ortiz, Vicente Guill\u00e9n, Jos\u00e9 Ramon de la Morena, Ignacio Casamitjana, Jos\u00e9 Lui\" width=\"300\" height=\"auto\" \/><\/a><figcaption id=\"caption-attachment-438\" class=\"wp-caption-text\"><a href=\"\/_archivos\/imagenes\/3337.jpg\" target=\"_blank\" rel=\"noopener noreferrer\">Descargar imagen<\/a><\/figcaption><\/figure>\n<figure id=\"attachment_438\" aria-describedby=\"caption-attachment-438\" style=\"width: 300px\" class=\"wp-caption alignnone\"><a href=\"\/_archivos\/imagenes\/3338.jpg\" target=\"_blank\" rel=\"noopener noreferrer\"><img decoding=\"async\" class=\"size-medium\" src=\"\/_archivos\/imagenes\/300\/3338.jpg\" alt=\"Recogida del primer mosto de la vendimia de 2017\" title=\"Recogida del primer mosto de la vendimia de 2017\" width=\"300\" height=\"auto\" \/><\/a><figcaption id=\"caption-attachment-438\" class=\"wp-caption-text\"><a href=\"\/_archivos\/imagenes\/3338.jpg\" target=\"_blank\" rel=\"noopener noreferrer\">Descargar imagen<\/a><\/figcaption><\/figure>    \t<\/p>\n","protected":false},"excerpt":{"rendered":"<p>La Fiesta de la Vendimia de la Denominaci\u00f3n de Origen Protegida Cari\u00f1ena -declarada de Inter\u00e9s Tur\u00edstico de Arag\u00f3n&#8211; ha vivido este domingo su 51\u00aa edici\u00f3n con un d\u00eda espl\u00e9ndido de sol, que ha animado al p\u00fablico a abarrotar la plaza de la Fuente de la Mora e incluso calles adyacentes. Cientos de personas han disfrutado &hellip;<\/p>\n","protected":false},"author":6,"featured_media":4016,"comment_status":"closed","ping_status":"closed","sticky":false,"template":"","format":"standard","meta":{"_genesis_hide_title":false,"_genesis_hide_breadcrumbs":false,"_genesis_hide_singular_image":false,"_genesis_hide_footer_widgets":false,"_genesis_custom_body_class":"","_genesis_custom_post_class":"","_genesis_layout":"","ngg_post_thumbnail":0,"footnotes":""},"categories":[1],"tags":[],"class_list":{"0":"post-4210","1":"post","2":"type-post","3":"status-publish","4":"format-standard","5":"has-post-thumbnail","7":"category-noticias","8":"entry"},"_links":{"self":[{"href":"https:\/\/elvinodelaspiedras.es\/en\/wp-json\/wp\/v2\/posts\/4210"}],"collection":[{"href":"https:\/\/elvinodelaspiedras.es\/en\/wp-json\/wp\/v2\/posts"}],"about":[{"href":"https:\/\/elvinodelaspiedras.es\/en\/wp-json\/wp\/v2\/types\/post"}],"author":[{"embeddable":true,"href":"https:\/\/elvinodelaspiedras.es\/en\/wp-json\/wp\/v2\/users\/6"}],"replies":[{"embeddable":true,"href":"https:\/\/elvinodelaspiedras.es\/en\/wp-json\/wp\/v2\/comments?post=4210"}],"version-history":[{"count":1,"href":"https:\/\/elvinodelaspiedras.es\/en\/wp-json\/wp\/v2\/posts\/4210\/revisions"}],"predecessor-version":[{"id":5890,"href":"https:\/\/elvinodelaspiedras.es\/en\/wp-json\/wp\/v2\/posts\/4210\/revisions\/5890"}],"wp:featuredmedia":[{"embeddable":true,"href":"https:\/\/elvinodelaspiedras.es\/en\/wp-json\/wp\/v2\/media\/4016"}],"wp:attachment":[{"href":"https:\/\/elvinodelaspiedras.es\/en\/wp-json\/wp\/v2\/media?parent=4210"}],"wp:term":[{"taxonomy":"category","embeddable":true,"href":"https:\/\/elvinodelaspiedras.es\/en\/wp-json\/wp\/v2\/categories?post=4210"},{"taxonomy":"post_tag","embeddable":true,"href":"https:\/\/elvinodelaspiedras.es\/en\/wp-json\/wp\/v2\/tags?post=4210"}],"curies":[{"name":"wp","href":"https:\/\/api.w.org\/{rel}","templated":true}]}}