{"id":4212,"date":"2018-05-28T00:00:00","date_gmt":"2018-05-28T00:00:00","guid":{"rendered":"http:\/\/elvinodelaspiedras.local\/el-vino-en-femenino-de-bodega-tierra-de-cubas-lanza-dos-tintos-que-rompe-con-mitos-sobre-los-gustos-de-las-mujeres\/"},"modified":"2020-11-13T12:29:28","modified_gmt":"2020-11-13T12:29:28","slug":"el-vino-en-femenino-de-bodega-tierra-de-cubas-lanza-dos-tintos-que-rompe-con-mitos-sobre-los-gustos-de-las-mujeres","status":"publish","type":"post","link":"https:\/\/elvinodelaspiedras.es\/en\/comunicacion\/noticias\/el-vino-en-femenino-de-bodega-tierra-de-cubas-lanza-dos-tintos-que-rompe-con-mitos-sobre-los-gustos-de-las-mujeres\/","title":{"rendered":"El \u201cvino en femenino\u201d de bodega tierra de cubas lanza dos tintos que rompen con mitos sobre los gustos de las mujeres"},"content":{"rendered":"<p>El presidente de Arag\u00f3n, Javier Lamb\u00e1n, ha asistido este lunes a la presentaci\u00f3n que la bodega Tierra de Cubas, de la Sociedad Cooperativa Bodegas San Valero, de la Denominaci\u00f3n de Origen Protegida Cari\u00f1ena, ha hecho de su apuesta &#8220;Vino en femenino&#8221;. Se trata de dos vinos tintos (Gala Placidia y Legado de Gala Placidia), que adem\u00e1s de reivindicar los valores de esta emperatriz romana -una de las figuras femeninas m\u00e1s importantes de la Antig\u00fcedad-, trata de reforzar los valores que la mujer representa y romper con el mito de que las mujeres solo beben vino blanco o rosado.<\/p>\n<p>El presidente de Arag\u00f3n ha reconocido el peso del grupo Bodegas San Valero dentro de la agroalimentaci\u00f3n, sector fundamental en materia de creaci\u00f3n de empleo, de combate contra la despoblaci\u00f3n, de traslaci\u00f3n de la marca Arag\u00f3n y de incorporaci\u00f3n de la tecnolog\u00eda, &#8220;es decir, todo lo que debe representar una econom\u00eda moderna&#8221;. Y dentro de este sector, Lamb\u00e1n asegura que el vino y este grupo en particular, son una referencia. San Valero produce alrededor del 17% de todo el vino aragon\u00e9s y el 30% de la D.O.P. Cari\u00f1ena. &#8220;Son exportadores, innovadores y han conseguido hacerlo desde una estructura cooperativa, lo que les hace admiradores y colaboradores del Gobierno de Arag\u00f3n&#8221;.<\/p>\n<p>Por su parte, los responsables del grupo y de la bodega han explicado que los esfuerzos se han realizado en todos los niveles, desde el trabajo en las vi\u00f1as, hasta la presentaci\u00f3n de vinos modernos y con car\u00e1cter.<\/p>\n<p>&#8220;Gala&#8221; y &#8220;Legado&#8221;, los nombres de los vinos presentados son un homenaje a la mujer a trav\u00e9s de dos juegos de elaboraciones \u00fanicas de la garnacha y garnacha &#8211; cari\u00f1ena y conjugan, adem\u00e1s de historia y modernidad, arte y tecnolog\u00eda. A trav\u00e9s de una aplicaci\u00f3n, al escanear la etiqueta, aparece Gala Placidia relantando la historia de hace 2.000 a\u00f1os. Gala Placidia, hija del gran Teodosio I, jug\u00f3 un papel relevante en la pol\u00edtica del momento, llegando a influir en la manera de ver a los romanos de su propio esposo, el b\u00e1rbaro Ataulfo.<\/p>\n<p>En la bodega trabajan 37 mujeres, lo que rompe tambi\u00e9n con la imagen tradicionalmente masculina del sector vitivin\u00edcola.<\/p>\n<p>Hace m\u00e1s de 25 a\u00f1os que Bodegas San Valero comenz\u00f3 a exportar sus vinos, cuya calidad ha recibido el respaldo de los consumidores, en el mercado, y de los expertos. Vende m\u00e1s de ocho millones de litros al a\u00f1o en casi dos docenas de pa\u00edses a los que llega con 45 marcas comerciales distintas.<\/p>\n<p>(TEXTO Y FOTOGRAF\u00cdAS: GOBIERNO DE ARAG\u00d3N)<\/p>\n<hr>\n<figure id=\"attachment_465\" aria-describedby=\"caption-attachment-465\" style=\"width: 300px\" class=\"wp-caption alignnone\"><a href=\"\/_archivos\/imagenes\/3557.jpg\" target=\"_blank\" rel=\"noopener noreferrer\"><img decoding=\"async\" class=\"size-medium\" src=\"\/_archivos\/imagenes\/300\/3557.jpg\" alt=\"01 fichero.imagenes_IMG_1718_a22ad6df\" title=\"01 fichero.imagenes_IMG_1718_a22ad6df\" width=\"300\" height=\"auto\" \/><\/a><figcaption id=\"caption-attachment-465\" class=\"wp-caption-text\"><a href=\"\/_archivos\/imagenes\/3557.jpg\" target=\"_blank\" rel=\"noopener noreferrer\">Descargar imagen<\/a><\/figcaption><\/figure>\n<figure id=\"attachment_465\" aria-describedby=\"caption-attachment-465\" style=\"width: 300px\" class=\"wp-caption alignnone\"><a href=\"\/_archivos\/imagenes\/3558.jpg\" target=\"_blank\" rel=\"noopener noreferrer\"><img decoding=\"async\" class=\"size-medium\" src=\"\/_archivos\/imagenes\/300\/3558.jpg\" alt=\"02 fichero.imagenes_IMG_1642_d4939a99\" title=\"02 fichero.imagenes_IMG_1642_d4939a99\" width=\"300\" height=\"auto\" \/><\/a><figcaption id=\"caption-attachment-465\" class=\"wp-caption-text\"><a href=\"\/_archivos\/imagenes\/3558.jpg\" target=\"_blank\" rel=\"noopener noreferrer\">Descargar imagen<\/a><\/figcaption><\/figure>\n<figure id=\"attachment_465\" aria-describedby=\"caption-attachment-465\" style=\"width: 300px\" class=\"wp-caption alignnone\"><a href=\"\/_archivos\/imagenes\/3559.jpg\" target=\"_blank\" rel=\"noopener noreferrer\"><img decoding=\"async\" class=\"size-medium\" src=\"\/_archivos\/imagenes\/300\/3559.jpg\" alt=\"03 fichero.imagenes_IMG_1682_300cce81\" title=\"03 fichero.imagenes_IMG_1682_300cce81\" width=\"300\" height=\"auto\" \/><\/a><figcaption id=\"caption-attachment-465\" class=\"wp-caption-text\"><a href=\"\/_archivos\/imagenes\/3559.jpg\" target=\"_blank\" rel=\"noopener noreferrer\">Descargar imagen<\/a><\/figcaption><\/figure>\n<figure id=\"attachment_465\" aria-describedby=\"caption-attachment-465\" style=\"width: 300px\" class=\"wp-caption alignnone\"><a href=\"\/_archivos\/imagenes\/3560.jpg\" target=\"_blank\" rel=\"noopener noreferrer\"><img decoding=\"async\" class=\"size-medium\" src=\"\/_archivos\/imagenes\/300\/3560.jpg\" alt=\"04 fichero.imagenes_IMG_1705_61ab19a1\" title=\"04 fichero.imagenes_IMG_1705_61ab19a1\" width=\"300\" height=\"auto\" \/><\/a><figcaption id=\"caption-attachment-465\" class=\"wp-caption-text\"><a href=\"\/_archivos\/imagenes\/3560.jpg\" target=\"_blank\" rel=\"noopener noreferrer\">Descargar imagen<\/a><\/figcaption><\/figure>\n<figure id=\"attachment_465\" aria-describedby=\"caption-attachment-465\" style=\"width: 300px\" class=\"wp-caption alignnone\"><a href=\"\/_archivos\/imagenes\/3561.jpg\" target=\"_blank\" rel=\"noopener noreferrer\"><img decoding=\"async\" class=\"size-medium\" src=\"\/_archivos\/imagenes\/300\/3561.jpg\" alt=\"05 fichero.imagenes_IMG_1669_754b788e\" title=\"05 fichero.imagenes_IMG_1669_754b788e\" width=\"300\" height=\"auto\" \/><\/a><figcaption id=\"caption-attachment-465\" class=\"wp-caption-text\"><a href=\"\/_archivos\/imagenes\/3561.jpg\" target=\"_blank\" rel=\"noopener noreferrer\">Descargar imagen<\/a><\/figcaption><\/figure>    \t<\/p>\n","protected":false},"excerpt":{"rendered":"<p>El presidente de Arag\u00f3n, Javier Lamb\u00e1n, ha asistido este lunes a la presentaci\u00f3n que la bodega Tierra de Cubas, de la Sociedad Cooperativa Bodegas San Valero, de la Denominaci\u00f3n de Origen Protegida Cari\u00f1ena, ha hecho de su apuesta &#8220;Vino en femenino&#8221;. Se trata de dos vinos tintos (Gala Placidia y Legado de Gala Placidia), que &hellip;<\/p>\n","protected":false},"author":6,"featured_media":4065,"comment_status":"closed","ping_status":"closed","sticky":false,"template":"","format":"standard","meta":{"_genesis_hide_title":false,"_genesis_hide_breadcrumbs":false,"_genesis_hide_singular_image":false,"_genesis_hide_footer_widgets":false,"_genesis_custom_body_class":"","_genesis_custom_post_class":"","_genesis_layout":"","ngg_post_thumbnail":0,"footnotes":""},"categories":[1],"tags":[],"class_list":{"0":"post-4212","1":"post","2":"type-post","3":"status-publish","4":"format-standard","5":"has-post-thumbnail","7":"category-noticias","8":"entry"},"_links":{"self":[{"href":"https:\/\/elvinodelaspiedras.es\/en\/wp-json\/wp\/v2\/posts\/4212"}],"collection":[{"href":"https:\/\/elvinodelaspiedras.es\/en\/wp-json\/wp\/v2\/posts"}],"about":[{"href":"https:\/\/elvinodelaspiedras.es\/en\/wp-json\/wp\/v2\/types\/post"}],"author":[{"embeddable":true,"href":"https:\/\/elvinodelaspiedras.es\/en\/wp-json\/wp\/v2\/users\/6"}],"replies":[{"embeddable":true,"href":"https:\/\/elvinodelaspiedras.es\/en\/wp-json\/wp\/v2\/comments?post=4212"}],"version-history":[{"count":1,"href":"https:\/\/elvinodelaspiedras.es\/en\/wp-json\/wp\/v2\/posts\/4212\/revisions"}],"predecessor-version":[{"id":5865,"href":"https:\/\/elvinodelaspiedras.es\/en\/wp-json\/wp\/v2\/posts\/4212\/revisions\/5865"}],"wp:featuredmedia":[{"embeddable":true,"href":"https:\/\/elvinodelaspiedras.es\/en\/wp-json\/wp\/v2\/media\/4065"}],"wp:attachment":[{"href":"https:\/\/elvinodelaspiedras.es\/en\/wp-json\/wp\/v2\/media?parent=4212"}],"wp:term":[{"taxonomy":"category","embeddable":true,"href":"https:\/\/elvinodelaspiedras.es\/en\/wp-json\/wp\/v2\/categories?post=4212"},{"taxonomy":"post_tag","embeddable":true,"href":"https:\/\/elvinodelaspiedras.es\/en\/wp-json\/wp\/v2\/tags?post=4212"}],"curies":[{"name":"wp","href":"https:\/\/api.w.org\/{rel}","templated":true}]}}