{"id":4213,"date":"2018-06-21T00:00:00","date_gmt":"2018-06-21T00:00:00","guid":{"rendered":"http:\/\/elvinodelaspiedras.local\/expertos-mundiales-en-terroir-visitan-los-suelos-donde-nace-el-vino-de-las-piedras\/"},"modified":"2020-11-13T12:29:28","modified_gmt":"2020-11-13T12:29:28","slug":"expertos-mundiales-en-terroir-visitan-los-suelos-donde-nace-el-vino-de-las-piedras","status":"publish","type":"post","link":"https:\/\/elvinodelaspiedras.es\/en\/comunicacion\/noticias\/expertos-mundiales-en-terroir-visitan-los-suelos-donde-nace-el-vino-de-las-piedras\/","title":{"rendered":"Expertos mundiales en terroir visitan los suelos donde nace el vino de las piedras"},"content":{"rendered":"<p>La Denominaci\u00f3n de Origen Protegida Cari\u00f1ena fue en la tarde del mi\u00e9rcoles la protagonista de la sesi\u00f3n pr\u00e1ctica del <strong>XII Congreso Internacional del Terroir<\/strong> que durante esta semana se celebra en Zaragoza y en el que participan m\u00e1s de <strong>200 expertos de una veintena de pa\u00edses.<\/strong><\/p>\n<p>El terroir propugna la pr\u00e1ctica vitivin\u00edcola mediante t\u00e9cnicas orientadas a <strong>extraer del terreno de cultivo las caracter\u00edsticas m\u00e1s genuinas posibles<\/strong> para los vinos procedentes de este. De ah\u00ed que el conocimiento del terreno y de las <strong>condiciones edafoclim\u00e1ticas<\/strong> del mismo sea crucial para poder aprovechar las ventajas competitivas que elaborar <strong>&#8220;vinos de terroir&#8221;<\/strong> pueden suponer.<\/p>\n<p>La D.O.P. Cari\u00f1ena presenta con sus peculiares terrenos -que dan origen a <strong>&#8220;El Vino de las Piedras&#8221;,<\/strong> la marca con la que se conoce toda su producci\u00f3n- uno de los mayores activos para el sector del vino a la hora de proporcionar elementos de investigaci\u00f3n y de conocimiento.<\/p>\n<p>En la visita de ayer, los expertos participantes en el Congreso conocieron la <strong>composici\u00f3n de los suelos y c\u00f3mo estos determinan la personalidad de los vinos <\/strong>que se producen en el <em>terroir<\/em> de la Denominaci\u00f3n m\u00e1s grande y antigua de Arag\u00f3n. Para ello recorrieron diferentes calicatas practicadas en el terru\u00f1o cari\u00f1enense.<\/p>\n<p>Tras el recorrido por los vi\u00f1edos, los congresistas cenaron en una bodega de la Denominaci\u00f3n. El presidente <strong>Ignacio Casamitjana<\/strong> les dio la bienvenida y destac\u00f3 la importancia del terroir en la vitivinicultura de Cari\u00f1ena, por <strong>la caracterizaci\u00f3n de sus suelos y singularidad de los vinos<\/strong> que se elaboran. &#8220;Somos la Denominaci\u00f3n del Vino de las Piedras, m\u00e1s del <strong>ochenta por ciento de nuestro territorio <\/strong>est\u00e1 determinado por suelos de <strong>pizarras y cascajos<\/strong>. Nuestros vi\u00f1edos se encuentran en una diferencia de altitud <strong>entre 350 y 900 metros<\/strong>, con grandes diferencias edafoclim\u00e1ticas. Y la <strong>concentraci\u00f3n de vi\u00f1edo<\/strong>, nos singulariza como una <strong>zona geogr\u00e1fica \u00fanica<\/strong>&#8220;, subray\u00f3.<\/p>\n<p>Por otro lado, en la jornada de hoy jueves del XII Congreso Internacional, el ingeniero vit\u00edcola y en\u00f3logo <strong>Laurent Duret<\/strong>, del <strong>Centre \u0152nologique Groupe ICV Pyr\u00e9n\u00e9es Roussillon<\/strong>, ha explicado los trabajos de caracterizaci\u00f3n y de investigaci\u00f3n de los suelos que se llevan a cabo en la Denominaci\u00f3n Cari\u00f1ena.<\/p>\n<p>Los congresos internacionales sobre el <em>terroir<\/em> se celebran cada dos a\u00f1os desde 1996, impulsados por la <strong>Organizaci\u00f3n Internacional<\/strong><strong> de la Vi\u00f1a y el Vino.<\/strong> Tras once ediciones (la \u00faltima en Oreg\u00f3n, Estados Unidos), esta es la <strong>primera vez que se hace en Espa\u00f1a<\/strong>.<\/p>\n<p>La cita espa\u00f1ola tiene lugar en <strong>Zaragoza<\/strong> y en las <strong>cuatro denominaciones de origen protegidas <\/strong>de Arag\u00f3n por iniciativa del <strong>Gobierno de la Comunidad Aut\u00f3noma,<\/strong> con la tutela de la <strong>OIV<\/strong>, el patrocinio del <strong>Ministerio de Agricultura, Pesca y Alimentaci\u00f3n<\/strong> y el apoyo cient\u00edfico de la <strong>Universidad Polit\u00e9cnica<\/strong><strong> de Madrid<\/strong>.<\/p>\n<hr>\n<figure id=\"attachment_466\" aria-describedby=\"caption-attachment-466\" style=\"width: 300px\" class=\"wp-caption alignnone\"><a href=\"\/_archivos\/imagenes\/3562.jpg\" target=\"_blank\" rel=\"noopener noreferrer\"><img decoding=\"async\" class=\"size-medium\" src=\"\/_archivos\/imagenes\/300\/3562.jpg\" alt=\"01 Los expertos del Congreso Internacional del Terroir en las calicatas de la DOP Cari\u00f1ena (3)\" title=\"01 Los expertos del Congreso Internacional del Terroir en las calicatas de la DOP Cari\u00f1ena (3)\" width=\"300\" height=\"auto\" \/><\/a><figcaption id=\"caption-attachment-466\" class=\"wp-caption-text\"><a href=\"\/_archivos\/imagenes\/3562.jpg\" target=\"_blank\" rel=\"noopener noreferrer\">Descargar imagen<\/a><\/figcaption><\/figure>\n<figure id=\"attachment_466\" aria-describedby=\"caption-attachment-466\" style=\"width: 300px\" class=\"wp-caption alignnone\"><a href=\"\/_archivos\/imagenes\/3563.jpg\" target=\"_blank\" rel=\"noopener noreferrer\"><img decoding=\"async\" class=\"size-medium\" src=\"\/_archivos\/imagenes\/300\/3563.jpg\" alt=\"02 Los expertos del Congreso Internacional del Terroir en las calicatas de la DOP Cari\u00f1ena (4)\" title=\"02 Los expertos del Congreso Internacional del Terroir en las calicatas de la DOP Cari\u00f1ena (4)\" width=\"300\" height=\"auto\" \/><\/a><figcaption id=\"caption-attachment-466\" class=\"wp-caption-text\"><a href=\"\/_archivos\/imagenes\/3563.jpg\" target=\"_blank\" rel=\"noopener noreferrer\">Descargar imagen<\/a><\/figcaption><\/figure>\n<figure id=\"attachment_466\" aria-describedby=\"caption-attachment-466\" style=\"width: 300px\" class=\"wp-caption alignnone\"><a href=\"\/_archivos\/imagenes\/3564.jpg\" target=\"_blank\" rel=\"noopener noreferrer\"><img decoding=\"async\" class=\"size-medium\" src=\"\/_archivos\/imagenes\/300\/3564.jpg\" alt=\"03 Los expertos del Congreso Internacional del Terroir en las calicatas de la DOP Cari\u00f1ena (1)\" title=\"03 Los expertos del Congreso Internacional del Terroir en las calicatas de la DOP Cari\u00f1ena (1)\" width=\"300\" height=\"auto\" \/><\/a><figcaption id=\"caption-attachment-466\" class=\"wp-caption-text\"><a href=\"\/_archivos\/imagenes\/3564.jpg\" target=\"_blank\" rel=\"noopener noreferrer\">Descargar imagen<\/a><\/figcaption><\/figure>\n<figure id=\"attachment_466\" aria-describedby=\"caption-attachment-466\" style=\"width: 300px\" class=\"wp-caption alignnone\"><a href=\"\/_archivos\/imagenes\/3565.jpg\" target=\"_blank\" rel=\"noopener noreferrer\"><img decoding=\"async\" class=\"size-medium\" src=\"\/_archivos\/imagenes\/300\/3565.jpg\" alt=\"04 Los expertos del Congreso Internacional del Terroir en las calicatas de la DOP Cari\u00f1ena (2)\" title=\"04 Los expertos del Congreso Internacional del Terroir en las calicatas de la DOP Cari\u00f1ena (2)\" width=\"300\" height=\"auto\" \/><\/a><figcaption id=\"caption-attachment-466\" class=\"wp-caption-text\"><a href=\"\/_archivos\/imagenes\/3565.jpg\" target=\"_blank\" rel=\"noopener noreferrer\">Descargar imagen<\/a><\/figcaption><\/figure>\n<figure id=\"attachment_466\" aria-describedby=\"caption-attachment-466\" style=\"width: 300px\" class=\"wp-caption alignnone\"><a href=\"\/_archivos\/imagenes\/3566.jpg\" target=\"_blank\" rel=\"noopener noreferrer\"><img decoding=\"async\" class=\"size-medium\" src=\"\/_archivos\/imagenes\/300\/3566.jpg\" alt=\"05 Ernesto Franco, director del Congreso, e Ignacio Casamitjana, presidente de la DOP Cari\u00f1ena, se d\" title=\"05 Ernesto Franco, director del Congreso, e Ignacio Casamitjana, presidente de la DOP Cari\u00f1ena, se d\" width=\"300\" height=\"auto\" \/><\/a><figcaption id=\"caption-attachment-466\" class=\"wp-caption-text\"><a href=\"\/_archivos\/imagenes\/3566.jpg\" target=\"_blank\" rel=\"noopener noreferrer\">Descargar imagen<\/a><\/figcaption><\/figure>\n<figure id=\"attachment_466\" aria-describedby=\"caption-attachment-466\" style=\"width: 300px\" class=\"wp-caption alignnone\"><a href=\"\/_archivos\/imagenes\/3567.jpg\" target=\"_blank\" rel=\"noopener noreferrer\"><img decoding=\"async\" class=\"size-medium\" src=\"\/_archivos\/imagenes\/300\/3567.jpg\" alt=\"06 Ignacio Casamitjana, presidente de la DOP Cari\u00f1ena, dio la bienvenida a los congresistas\" title=\"06 Ignacio Casamitjana, presidente de la DOP Cari\u00f1ena, dio la bienvenida a los congresistas\" width=\"300\" height=\"auto\" \/><\/a><figcaption id=\"caption-attachment-466\" class=\"wp-caption-text\"><a href=\"\/_archivos\/imagenes\/3567.jpg\" target=\"_blank\" rel=\"noopener noreferrer\">Descargar imagen<\/a><\/figcaption><\/figure>    \t<\/p>\n","protected":false},"excerpt":{"rendered":"<p>La Denominaci\u00f3n de Origen Protegida Cari\u00f1ena fue en la tarde del mi\u00e9rcoles la protagonista de la sesi\u00f3n pr\u00e1ctica del XII Congreso Internacional del Terroir que durante esta semana se celebra en Zaragoza y en el que participan m\u00e1s de 200 expertos de una veintena de pa\u00edses. El terroir propugna la pr\u00e1ctica vitivin\u00edcola mediante t\u00e9cnicas orientadas &hellip;<\/p>\n","protected":false},"author":6,"featured_media":4067,"comment_status":"closed","ping_status":"closed","sticky":false,"template":"","format":"standard","meta":{"_genesis_hide_title":false,"_genesis_hide_breadcrumbs":false,"_genesis_hide_singular_image":false,"_genesis_hide_footer_widgets":false,"_genesis_custom_body_class":"","_genesis_custom_post_class":"","_genesis_layout":"","ngg_post_thumbnail":0,"footnotes":""},"categories":[1],"tags":[],"class_list":{"0":"post-4213","1":"post","2":"type-post","3":"status-publish","4":"format-standard","5":"has-post-thumbnail","7":"category-noticias","8":"entry"},"_links":{"self":[{"href":"https:\/\/elvinodelaspiedras.es\/en\/wp-json\/wp\/v2\/posts\/4213"}],"collection":[{"href":"https:\/\/elvinodelaspiedras.es\/en\/wp-json\/wp\/v2\/posts"}],"about":[{"href":"https:\/\/elvinodelaspiedras.es\/en\/wp-json\/wp\/v2\/types\/post"}],"author":[{"embeddable":true,"href":"https:\/\/elvinodelaspiedras.es\/en\/wp-json\/wp\/v2\/users\/6"}],"replies":[{"embeddable":true,"href":"https:\/\/elvinodelaspiedras.es\/en\/wp-json\/wp\/v2\/comments?post=4213"}],"version-history":[{"count":1,"href":"https:\/\/elvinodelaspiedras.es\/en\/wp-json\/wp\/v2\/posts\/4213\/revisions"}],"predecessor-version":[{"id":5864,"href":"https:\/\/elvinodelaspiedras.es\/en\/wp-json\/wp\/v2\/posts\/4213\/revisions\/5864"}],"wp:featuredmedia":[{"embeddable":true,"href":"https:\/\/elvinodelaspiedras.es\/en\/wp-json\/wp\/v2\/media\/4067"}],"wp:attachment":[{"href":"https:\/\/elvinodelaspiedras.es\/en\/wp-json\/wp\/v2\/media?parent=4213"}],"wp:term":[{"taxonomy":"category","embeddable":true,"href":"https:\/\/elvinodelaspiedras.es\/en\/wp-json\/wp\/v2\/categories?post=4213"},{"taxonomy":"post_tag","embeddable":true,"href":"https:\/\/elvinodelaspiedras.es\/en\/wp-json\/wp\/v2\/tags?post=4213"}],"curies":[{"name":"wp","href":"https:\/\/api.w.org\/{rel}","templated":true}]}}