{"id":4214,"date":"2018-07-06T00:00:00","date_gmt":"2018-07-06T00:00:00","guid":{"rendered":"http:\/\/elvinodelaspiedras.local\/el-gobierno-de-aragon-y-la-dop-carinena-impulsaran-medidas-para-mitigar-los-danos-de-los-conejos-en-los-cultivos\/"},"modified":"2020-11-13T12:29:28","modified_gmt":"2020-11-13T12:29:28","slug":"el-gobierno-de-aragon-y-la-dop-carinena-impulsaran-medidas-para-mitigar-los-danos-de-los-conejos-en-los-cultivos","status":"publish","type":"post","link":"https:\/\/elvinodelaspiedras.es\/en\/comunicacion\/noticias\/el-gobierno-de-aragon-y-la-dop-carinena-impulsaran-medidas-para-mitigar-los-danos-de-los-conejos-en-los-cultivos\/","title":{"rendered":"El Gobierno de Arag\u00f3n y la D.O.P. Cari\u00f1ena impulsar\u00e1n medidas para mitigar los da\u00f1os de los conejos en los cultivos"},"content":{"rendered":"<p>&#8220;Arag\u00f3n tiene posiblemente una de las leyes de caza m\u00e1s flexibles de toda la pen\u00ednsula. Donde tenemos superpoblaci\u00f3n de conejos podemos cazar el conejo durante todo el a\u00f1o, se puede cazar de noche, con hur\u00f3n y escopeta desde el segundo domingo de agosto hasta el primero de abril e incluso destruir los cados, entre otras cosas&#8221;, ha explicado director general de Gesti\u00f3n Forestal, Caza y Pesca del Gobierno de Arag\u00f3n, \u00c1ngel Berzosa, tras la reuni\u00f3n que ha mantenido este jueves en el Departamento con representantes del Consejero Regulador de la D.O.P. de Cari\u00f1ena. Un encuentro en el que tambi\u00e9n ha estado presente el consejero de Desarrollo Rural y Sostenbilidad, Joaqu\u00edn Olona, y que el presidente del Consejo, Ignacio Casamitjana, ha aprovechado para trasladar una posici\u00f3n consensuada por todos los agentes implicados de la zona para tomar medidas que palien los da\u00f1os en los cultivos.<\/p>\n<p>Berzosa ha explicado que, anualmente, se cazan por encima de 500.000 conejos en Arag\u00f3n, &#8220;pero no es suficiente&#8221;. En este sentido, el director general ha recordado que el Gobierno de Arag\u00f3n est\u00e1 trabajando para reducir al m\u00e1ximo posible los da\u00f1os agr\u00edcolas producidos por las especies cineg\u00e9ticas. &#8220;Lo primero que hay que hacer es lo que han hecho en Cari\u00f1ena, y es ponerse de acuerdo todos los actores: agricultores, cazadores, instituciones, ayuntamientos y Gobierno de Arag\u00f3n. Desde aqu\u00ed vamos a facilitar todo lo posible para impulsar cualquier medida que se quiera tomar. Intensificar la caza, hacer medidas extraordinarias como jaulas trampa o cualquier otro m\u00e9todo que sea efectivo y que consideremos que es necesario&#8221;, ha explicado.<\/p>\n<p>El control de los da\u00f1os agr\u00edcolas producidos por conejos y otras especies cineg\u00e9ticas se controla anualmente mediante la incorporaci\u00f3n en el Plan General de Caza anual de normativa espec\u00edfica para las especies que provocan da\u00f1os agr\u00edcolas en Arag\u00f3n. Consecuentemente, cuando se detecta un incremento significativo de da\u00f1os agr\u00edcolas se flexibiliza la normativa de caza para facilitar el control poblacional de dicha especie, como ha sucedido este a\u00f1o con el conejo.<\/p>\n<p>Con el objeto de remediar esta situaci\u00f3n,\u00a0<a href=\"http:\/\/www.boa.aragon.es\/cgi-bin\/EBOA\/BRSCGI?CMD=VEROBJ&amp;MLKOB=1027271282727\">el pasado 25 de junio se publicaba en el BOA el Plan General de Caza para la temporada 2018-2019<\/a>, en el que aparecen medidas extraordinarias para prevenir y controlar los da\u00f1os agr\u00edcolas producidos por el conejo de monte en 112 municipios de Arag\u00f3n y los provocados por otras especies cineg\u00e9ticas en distintos t\u00e9rminos municipales aragoneses.<\/p>\n<p>As\u00ed, el nuevo Plan autoriza una serie de medidas, de aplicaci\u00f3n exclusiva en ese centenar de localidades aragonesas donde se registran da\u00f1os agr\u00edcolas por esta especie, destinadas a disminuir los da\u00f1os agr\u00edcolas que provocan los conejos y la afecci\u00f3n de los mismos en la renta de los agricultores. Algunas de estas medidas ya se vienen poniendo en pr\u00e1ctica desde a\u00f1os anteriores.<\/p>\n<p><strong>\u00bfQu\u00e9 medidas ha tomado el Gobierno de Arag\u00f3n para frenar la sobrepoblaci\u00f3n de conejos?<\/strong><\/p>\n<ul>\n<li>Aumento del periodo h\u00e1bil de la caza ordinaria con perro y escopeta del conejo desde el inicio de la media veda (2\u00ba domingo de agosto) hasta el 1\u00ba de abril: (231 d\u00edas de caza ordinaria frente a los 105 d\u00edas de los municipios fuera).<\/li>\n<li>Autorizaci\u00f3n de la caza nocturna durante todo el a\u00f1o, para dar respuesta al aumento observado de los h\u00e1bitos nocturnos del conejo originados por la propia presi\u00f3n de la caza. De modo similar, la caza nocturna ya se permite en todo Arag\u00f3n para el caso del jabal\u00ed y tambi\u00e9n se permite para el ciervo en siete municipios aragoneses.<\/li>\n<li>Autorizaci\u00f3n de la caza con hur\u00f3n y red capillo y escopeta durante todo el a\u00f1o tanto en terrenos cineg\u00e9ticos como no cineg\u00e9ticos.<\/li>\n<li>Posibilidad de que el agricultor, sin permiso del titular del coto, dentro de sus parcelas en un coto destruya sus cados.Creaci\u00f3n de un anexo nuevo por el que el agricultor solicita al coto la posibilidad de controlar \u00e9l o terceros bajo su supervisi\u00f3n los conejos en sus parcelas.<\/li>\n<li>Plan General de Caza para la temporada 2018-2019.<\/li>\n<\/ul>\n<hr>\n<figure id=\"attachment_467\" aria-describedby=\"caption-attachment-467\" style=\"width: 300px\" class=\"wp-caption alignnone\"><a href=\"\/_archivos\/imagenes\/3568.jpg\" target=\"_blank\" rel=\"noopener noreferrer\"><img decoding=\"async\" class=\"size-medium\" src=\"\/_archivos\/imagenes\/300\/3568.jpg\" alt=\"DGA-DOPCARINENA\" title=\"DGA-DOPCARINENA\" width=\"300\" height=\"auto\" \/><\/a><figcaption id=\"caption-attachment-467\" class=\"wp-caption-text\"><a href=\"\/_archivos\/imagenes\/3568.jpg\" target=\"_blank\" rel=\"noopener noreferrer\">Descargar imagen<\/a><\/figcaption><\/figure>\n","protected":false},"excerpt":{"rendered":"<p>&#8220;Arag\u00f3n tiene posiblemente una de las leyes de caza m\u00e1s flexibles de toda la pen\u00ednsula. Donde tenemos superpoblaci\u00f3n de conejos podemos cazar el conejo durante todo el a\u00f1o, se puede cazar de noche, con hur\u00f3n y escopeta desde el segundo domingo de agosto hasta el primero de abril e incluso destruir los cados, entre otras &hellip;<\/p>\n","protected":false},"author":6,"featured_media":4069,"comment_status":"closed","ping_status":"closed","sticky":false,"template":"","format":"standard","meta":{"_genesis_hide_title":false,"_genesis_hide_breadcrumbs":false,"_genesis_hide_singular_image":false,"_genesis_hide_footer_widgets":false,"_genesis_custom_body_class":"","_genesis_custom_post_class":"","_genesis_layout":"","ngg_post_thumbnail":0,"footnotes":""},"categories":[1],"tags":[],"class_list":{"0":"post-4214","1":"post","2":"type-post","3":"status-publish","4":"format-standard","5":"has-post-thumbnail","7":"category-noticias","8":"entry"},"_links":{"self":[{"href":"https:\/\/elvinodelaspiedras.es\/en\/wp-json\/wp\/v2\/posts\/4214"}],"collection":[{"href":"https:\/\/elvinodelaspiedras.es\/en\/wp-json\/wp\/v2\/posts"}],"about":[{"href":"https:\/\/elvinodelaspiedras.es\/en\/wp-json\/wp\/v2\/types\/post"}],"author":[{"embeddable":true,"href":"https:\/\/elvinodelaspiedras.es\/en\/wp-json\/wp\/v2\/users\/6"}],"replies":[{"embeddable":true,"href":"https:\/\/elvinodelaspiedras.es\/en\/wp-json\/wp\/v2\/comments?post=4214"}],"version-history":[{"count":2,"href":"https:\/\/elvinodelaspiedras.es\/en\/wp-json\/wp\/v2\/posts\/4214\/revisions"}],"predecessor-version":[{"id":5863,"href":"https:\/\/elvinodelaspiedras.es\/en\/wp-json\/wp\/v2\/posts\/4214\/revisions\/5863"}],"wp:featuredmedia":[{"embeddable":true,"href":"https:\/\/elvinodelaspiedras.es\/en\/wp-json\/wp\/v2\/media\/4069"}],"wp:attachment":[{"href":"https:\/\/elvinodelaspiedras.es\/en\/wp-json\/wp\/v2\/media?parent=4214"}],"wp:term":[{"taxonomy":"category","embeddable":true,"href":"https:\/\/elvinodelaspiedras.es\/en\/wp-json\/wp\/v2\/categories?post=4214"},{"taxonomy":"post_tag","embeddable":true,"href":"https:\/\/elvinodelaspiedras.es\/en\/wp-json\/wp\/v2\/tags?post=4214"}],"curies":[{"name":"wp","href":"https:\/\/api.w.org\/{rel}","templated":true}]}}