{"id":4216,"date":"2018-07-30T00:00:00","date_gmt":"2018-07-30T00:00:00","guid":{"rendered":"http:\/\/elvinodelaspiedras.local\/cecrv-se-adhiere-al-nuevo-codigo-de-comunicacion-comercial-del-vino\/"},"modified":"2020-11-13T12:29:28","modified_gmt":"2020-11-13T12:29:28","slug":"cecrv-se-adhiere-al-nuevo-codigo-de-comunicacion-comercial-del-vino","status":"publish","type":"post","link":"https:\/\/elvinodelaspiedras.es\/en\/comunicacion\/noticias\/cecrv-se-adhiere-al-nuevo-codigo-de-comunicacion-comercial-del-vino\/","title":{"rendered":"Cecrv se adhiere al nuevo c\u00f3digo de comunicaci\u00f3n comercial del vino"},"content":{"rendered":"<p>La Conferencia Espa\u00f1ola de Consejos Reguladores Vitivin\u00edcolas (CECRV) ha anunciado su adhesi\u00f3n al nuevo C\u00f3digo de Comunicaci\u00f3n Comercial del Vino, que entrar\u00e1 en vigor el pr\u00f3ximo 1 de agosto de 2018. La organizaci\u00f3n que representa a las Denominaciones de Origen de vino se compromete, por ello, a que sus comunicaciones comerciales cumplan con el C\u00f3digo promovido por la Interprofesional del Vino de Espa\u00f1a (OIVE) desde su entrada en vigor.<\/p>\n<p>La nueva regulaci\u00f3n tiene por objetivo que el sector siempre lleve a la sociedad un mensaje de moderaci\u00f3n y responsabilidad en el consumo de vino en todas sus comunicaciones comerciales. Por ello, cuantas m\u00e1s adhesiones se unan a esta iniciativa, &#8220;con m\u00e1s fuerza llegar\u00e1 el mensaje de que\u00a0<em>El vino solo se consume con moderaci\u00f3n<\/em>&#8221; se\u00f1ala Susana Garc\u00eda, directora de la OIVE. &#8220;La comunicaci\u00f3n con el consumidor final debe ser siempre sincera y responsable. Uno de los valores que defiende CECRV con la marca Movimiento Vino D.O. es el consumo responsable como \u00fanica forma de disfrutar del vino con denominaci\u00f3n de origen&#8221;, a\u00f1ade Jes\u00fas Mora Cayetano, coordinador general de CECRV.<\/p>\n<p><strong>Un paso m\u00e1s en la responsabilidad social<\/strong><\/p>\n<p>El presente C\u00f3digo refuerza el que ya se firm\u00f3 en 2008 en el marco del programa\u00a0<em>Wine in Moderation-Art de Vivre<\/em>. Diez a\u00f1os despu\u00e9s la OIVE refuerza este compromiso y clarifica algunos aspectos que suscitaban dudas. Entre las novedades de este nuevo C\u00f3digo destacan la ampliaci\u00f3n en el grado de cobertura que incluye radio y medios digitales y la inclusi\u00f3n tambi\u00e9n a bebidas sin alcohol a base de vino. Adem\u00e1s, el C\u00f3digo hace especial hincapi\u00e9 en la incompatibilidad del consumo de alcohol en menores de edad, embarazadas y en la conducci\u00f3n.<\/p>\n<p>La OIVE ha encomendado la verificaci\u00f3n y el cumplimiento del C\u00f3digo a AUTOCONTROL, una asociaci\u00f3n independiente de reconocido prestigio que gestiona el sistema de autorregulaci\u00f3n publicitaria. Los operadores y organizaciones que deseen adherirse a este C\u00f3digo de Autorregulaci\u00f3n deber\u00e1n hacerlo mediante el procedimiento establecido en la web\u00a0<a href=\"http:\/\/www.wineinmoderation.eu\/\/\/\/\/\">www.wineinmoderation.eu<\/a><\/p>\n<p>Con la adhesi\u00f3n al c\u00f3digo, CECRV refuerza as\u00ed su compromiso con la sociedad y el consumo responsable del vino que ya inici\u00f3 con la marca que emplea para sus comunicaciones con el consumidor final, &#8220;Movimiento Vino D.O.&#8221;, que tambi\u00e9n defiende valores como la calidad o la importancia del origen, el arraigo cultural de los territorios, la seguridad alimentaria, un estilo de vida saludable, la diversidad; valores que se trasladan en sus iniciativas de comunicaci\u00f3n y dirigidas muy particularmente a un p\u00fablico joven que, o bien a\u00fan no se ha acercado al mundo del vino, o acaba de empezar a descubrirlo.<\/p>\n<p><strong>M\u00e1s informaci\u00f3n sobre el C\u00f3digo en <\/strong><a href=\"http:\/\/www.interprofesionaldelvino.es\/\/\/\/\/\"><strong>www.interprofesionaldelvino.es<\/strong><\/a><\/p>\n<p><strong>Sobre CECRV<\/strong><\/p>\n<p>La Conferencia Espa\u00f1ola de Consejos Reguladores Vitivin\u00edcolas (CECRV) es la asociaci\u00f3n sin \u00e1nimo de lucro que representa a las denominaciones de origen vitivin\u00edcolas espa\u00f1olas ante el Gobierno, ante las instituciones de la UE y ante otros organismos o entidades p\u00fablicos o privados, regionales, nacionales o internacionales. CECRV integra en la actualidad a 54 DDOO, de las 69 que existen en Espa\u00f1a, y est\u00e1 reconocida como interlocutor de la Administraci\u00f3n General del Estado en materia de figuras de calidad.<\/p>\n<p><strong><a href=\"http:\/\/www.vinosdo.wine\/\/\/\/\/\">www.vinosdo.wine<\/a> <\/strong><\/p>\n<p><strong>Sobre OIVE<\/strong><\/p>\n<p>La Interprofesional del Vino de Espa\u00f1a (OIVE) es una Organizaci\u00f3n sin \u00e1nimo de lucro que agrupa a las entidades representativas de la cadena de valor del sector vitivin\u00edcola espa\u00f1ol. Se constituye como un instrumento al servicio del sector para atajar las debilidades del sector a trav\u00e9s de la uni\u00f3n y el trabajo conjunto de los diferentes agentes que la forman.<\/p>\n<p><a href=\"http:\/\/www.interprofesionaldelvino.es\/\/\/\/\/\">www.interprofesionaldelvino.es<\/a><\/p>\n<hr>\n<figure id=\"attachment_469\" aria-describedby=\"caption-attachment-469\" style=\"width: 300px\" class=\"wp-caption alignnone\"><a href=\"\/_archivos\/imagenes\/3571.jpg\" target=\"_blank\" rel=\"noopener noreferrer\"><img decoding=\"async\" class=\"size-medium\" src=\"\/_archivos\/imagenes\/300\/3571.jpg\" alt=\"CodigoComunicacionAlta\" title=\"CodigoComunicacionAlta\" width=\"300\" height=\"auto\" \/><\/a><figcaption id=\"caption-attachment-469\" class=\"wp-caption-text\"><a href=\"\/_archivos\/imagenes\/3571.jpg\" target=\"_blank\" rel=\"noopener noreferrer\">Descargar imagen<\/a><\/figcaption><\/figure>\n","protected":false},"excerpt":{"rendered":"<p>La Conferencia Espa\u00f1ola de Consejos Reguladores Vitivin\u00edcolas (CECRV) ha anunciado su adhesi\u00f3n al nuevo C\u00f3digo de Comunicaci\u00f3n Comercial del Vino, que entrar\u00e1 en vigor el pr\u00f3ximo 1 de agosto de 2018. La organizaci\u00f3n que representa a las Denominaciones de Origen de vino se compromete, por ello, a que sus comunicaciones comerciales cumplan con el C\u00f3digo &hellip;<\/p>\n","protected":false},"author":6,"featured_media":4073,"comment_status":"closed","ping_status":"closed","sticky":false,"template":"","format":"standard","meta":{"_genesis_hide_title":false,"_genesis_hide_breadcrumbs":false,"_genesis_hide_singular_image":false,"_genesis_hide_footer_widgets":false,"_genesis_custom_body_class":"","_genesis_custom_post_class":"","_genesis_layout":"","ngg_post_thumbnail":0,"footnotes":""},"categories":[1],"tags":[],"class_list":{"0":"post-4216","1":"post","2":"type-post","3":"status-publish","4":"format-standard","5":"has-post-thumbnail","7":"category-noticias","8":"entry"},"_links":{"self":[{"href":"https:\/\/elvinodelaspiedras.es\/en\/wp-json\/wp\/v2\/posts\/4216"}],"collection":[{"href":"https:\/\/elvinodelaspiedras.es\/en\/wp-json\/wp\/v2\/posts"}],"about":[{"href":"https:\/\/elvinodelaspiedras.es\/en\/wp-json\/wp\/v2\/types\/post"}],"author":[{"embeddable":true,"href":"https:\/\/elvinodelaspiedras.es\/en\/wp-json\/wp\/v2\/users\/6"}],"replies":[{"embeddable":true,"href":"https:\/\/elvinodelaspiedras.es\/en\/wp-json\/wp\/v2\/comments?post=4216"}],"version-history":[{"count":1,"href":"https:\/\/elvinodelaspiedras.es\/en\/wp-json\/wp\/v2\/posts\/4216\/revisions"}],"predecessor-version":[{"id":5861,"href":"https:\/\/elvinodelaspiedras.es\/en\/wp-json\/wp\/v2\/posts\/4216\/revisions\/5861"}],"wp:featuredmedia":[{"embeddable":true,"href":"https:\/\/elvinodelaspiedras.es\/en\/wp-json\/wp\/v2\/media\/4073"}],"wp:attachment":[{"href":"https:\/\/elvinodelaspiedras.es\/en\/wp-json\/wp\/v2\/media?parent=4216"}],"wp:term":[{"taxonomy":"category","embeddable":true,"href":"https:\/\/elvinodelaspiedras.es\/en\/wp-json\/wp\/v2\/categories?post=4216"},{"taxonomy":"post_tag","embeddable":true,"href":"https:\/\/elvinodelaspiedras.es\/en\/wp-json\/wp\/v2\/tags?post=4216"}],"curies":[{"name":"wp","href":"https:\/\/api.w.org\/{rel}","templated":true}]}}