{"id":4217,"date":"2018-12-18T00:00:00","date_gmt":"2018-12-18T00:00:00","guid":{"rendered":"http:\/\/elvinodelaspiedras.local\/nueva-anada-y-nueva-imagen-de-la-mitica-marca-castillo-ducay-de-bodegas-san-valero\/"},"modified":"2020-11-13T12:29:28","modified_gmt":"2020-11-13T12:29:28","slug":"nueva-anada-y-nueva-imagen-de-la-mitica-marca-castillo-ducay-de-bodegas-san-valero","status":"publish","type":"post","link":"https:\/\/elvinodelaspiedras.es\/en\/comunicacion\/noticias\/nueva-anada-y-nueva-imagen-de-la-mitica-marca-castillo-ducay-de-bodegas-san-valero\/","title":{"rendered":"Nueva a\u00f1ada y nueva imagen de la m\u00edtica marca castillo ducay de bodegas san valero"},"content":{"rendered":"<p>Bodegas San Valero, de la Denominaci\u00f3n de Origen Protegida Cari\u00f1ena, ha presentado en el Hotel Reina Petronila de Zaragoza la a\u00f1ada 2018 de su gama Castillo Ducay, una de las marcas cl\u00e1sicas que ha acompa\u00f1ado al grupo vitivin\u00edcola cari\u00f1enense desde hace d\u00e9cadas.<\/p>\n<p>La particularidad de este relanzamiento no s\u00f3lo reside en su cosecha, sino tambi\u00e9n en la imagen que lucir\u00e1 a partir de ahora la marca. Y es que las etiquetas de los tres vinos j\u00f3venes plasman el trabajo ganador del concurso que la bodega impuls\u00f3 durante el pasado curso escolar 2017<a name=\"_GoBack\"><\/a>-2018. <em>&#8220;El Castillo de tus sue\u00f1os&#8221;<\/em> quiso fomentar la creatividad entre los m\u00e1s j\u00f3venes y numerosos trabajos se presentaron a concurso. Sin embargo, fueron las alumnas del CEIP La  Almozara de Zaragoza, Natalia Olivera, Luc\u00eda Alda y \u00c1ngela Lapetra, las que se obtuvieron el premio -3.000\u20ac-.<\/p>\n<p>La personal visi\u00f3n de estas tres j\u00f3venes, donde prevalece el desenfado, la jovialidad y el color, sirve de imagen a una gama de vinos que comparten esos mismos criterios.<\/p>\n<p>Los m\u00e1ximos responsables de la bodega, las propias galardonadas, otros centros participantes y diversos agentes del sector restaurador y hostelero de la comunidad aut\u00f3noma aragonesa se dieron cita el pasado d\u00eda 17 para descubrir estos vinos cl\u00e1sicos de esp\u00edritu e imagen contempor\u00e1nea.<\/p>\n<p>Bodegas San Valero continuar\u00e1 aunando la creatividad con su saber hacer vitivin\u00edcola para auspiciar una serie de vinos que llevan por bandera su lugar de procedencia: Cari\u00f1ena.<\/p>\n<hr>\n<figure id=\"attachment_483\" aria-describedby=\"caption-attachment-483\" style=\"width: 300px\" class=\"wp-caption alignnone\"><a href=\"\/_archivos\/imagenes\/3605.jpg\" target=\"_blank\" rel=\"noopener noreferrer\"><img decoding=\"async\" class=\"size-medium\" src=\"\/_archivos\/imagenes\/300\/3605.jpg\" alt=\"_SMP6613\" title=\"_SMP6613\" width=\"300\" height=\"auto\" \/><\/a><figcaption id=\"caption-attachment-483\" class=\"wp-caption-text\"><a href=\"\/_archivos\/imagenes\/3605.jpg\" target=\"_blank\" rel=\"noopener noreferrer\">Descargar imagen<\/a><\/figcaption><\/figure>\n<figure id=\"attachment_483\" aria-describedby=\"caption-attachment-483\" style=\"width: 300px\" class=\"wp-caption alignnone\"><a href=\"\/_archivos\/imagenes\/3606.jpg\" target=\"_blank\" rel=\"noopener noreferrer\"><img decoding=\"async\" class=\"size-medium\" src=\"\/_archivos\/imagenes\/300\/3606.jpg\" alt=\"_SMP6183\" title=\"_SMP6183\" width=\"300\" height=\"auto\" \/><\/a><figcaption id=\"caption-attachment-483\" class=\"wp-caption-text\"><a href=\"\/_archivos\/imagenes\/3606.jpg\" target=\"_blank\" rel=\"noopener noreferrer\">Descargar imagen<\/a><\/figcaption><\/figure>    \t<\/p>\n","protected":false},"excerpt":{"rendered":"<p>Bodegas San Valero, de la Denominaci\u00f3n de Origen Protegida Cari\u00f1ena, ha presentado en el Hotel Reina Petronila de Zaragoza la a\u00f1ada 2018 de su gama Castillo Ducay, una de las marcas cl\u00e1sicas que ha acompa\u00f1ado al grupo vitivin\u00edcola cari\u00f1enense desde hace d\u00e9cadas. La particularidad de este relanzamiento no s\u00f3lo reside en su cosecha, sino tambi\u00e9n &hellip;<\/p>\n","protected":false},"author":6,"featured_media":4101,"comment_status":"closed","ping_status":"closed","sticky":false,"template":"","format":"standard","meta":{"_genesis_hide_title":false,"_genesis_hide_breadcrumbs":false,"_genesis_hide_singular_image":false,"_genesis_hide_footer_widgets":false,"_genesis_custom_body_class":"","_genesis_custom_post_class":"","_genesis_layout":"","ngg_post_thumbnail":0,"footnotes":""},"categories":[1],"tags":[],"class_list":{"0":"post-4217","1":"post","2":"type-post","3":"status-publish","4":"format-standard","5":"has-post-thumbnail","7":"category-noticias","8":"entry"},"_links":{"self":[{"href":"https:\/\/elvinodelaspiedras.es\/en\/wp-json\/wp\/v2\/posts\/4217"}],"collection":[{"href":"https:\/\/elvinodelaspiedras.es\/en\/wp-json\/wp\/v2\/posts"}],"about":[{"href":"https:\/\/elvinodelaspiedras.es\/en\/wp-json\/wp\/v2\/types\/post"}],"author":[{"embeddable":true,"href":"https:\/\/elvinodelaspiedras.es\/en\/wp-json\/wp\/v2\/users\/6"}],"replies":[{"embeddable":true,"href":"https:\/\/elvinodelaspiedras.es\/en\/wp-json\/wp\/v2\/comments?post=4217"}],"version-history":[{"count":2,"href":"https:\/\/elvinodelaspiedras.es\/en\/wp-json\/wp\/v2\/posts\/4217\/revisions"}],"predecessor-version":[{"id":5847,"href":"https:\/\/elvinodelaspiedras.es\/en\/wp-json\/wp\/v2\/posts\/4217\/revisions\/5847"}],"wp:featuredmedia":[{"embeddable":true,"href":"https:\/\/elvinodelaspiedras.es\/en\/wp-json\/wp\/v2\/media\/4101"}],"wp:attachment":[{"href":"https:\/\/elvinodelaspiedras.es\/en\/wp-json\/wp\/v2\/media?parent=4217"}],"wp:term":[{"taxonomy":"category","embeddable":true,"href":"https:\/\/elvinodelaspiedras.es\/en\/wp-json\/wp\/v2\/categories?post=4217"},{"taxonomy":"post_tag","embeddable":true,"href":"https:\/\/elvinodelaspiedras.es\/en\/wp-json\/wp\/v2\/tags?post=4217"}],"curies":[{"name":"wp","href":"https:\/\/api.w.org\/{rel}","templated":true}]}}