{"id":4218,"date":"2018-12-19T00:00:00","date_gmt":"2018-12-19T00:00:00","guid":{"rendered":"http:\/\/elvinodelaspiedras.local\/la-clase-politica-y-periodistica-nacional-brinda-con-los-vinos-de-las-piedras-de-la-dop-carinena-en-la-entrega-de-los-premios-parlamentarios-2018\/"},"modified":"2020-11-13T12:29:28","modified_gmt":"2020-11-13T12:29:28","slug":"la-clase-politica-y-periodistica-nacional-brinda-con-los-vinos-de-las-piedras-de-la-dop-carinena-en-la-entrega-de-los-premios-parlamentarios-2018","status":"publish","type":"post","link":"https:\/\/elvinodelaspiedras.es\/en\/comunicacion\/noticias\/la-clase-politica-y-periodistica-nacional-brinda-con-los-vinos-de-las-piedras-de-la-dop-carinena-en-la-entrega-de-los-premios-parlamentarios-2018\/","title":{"rendered":"Las figuras m\u00e1s destacadas de la pol\u00edtica y el periodismo nacional brindaron con los \u201cvinos de las piedras\u201d en la entrega de los premios parlamentarios 2018"},"content":{"rendered":"<p>Las figuras m\u00e1s destacadas de la pol\u00edtica y del periodismo nacional brindaron con los vinos de la <strong>Denominaci\u00f3n de Origen Protegida Cari\u00f1ena<\/strong> en la tradicional entrega de los premios anuales de la <strong>Asociaci\u00f3n de Periodistas Parlamentarios (APP),<\/strong> que tuvo lugar este martes en el hotel Palace de Madrid.<\/p>\n<p>Tanto durante la cena en la que se entregaron los galardones como en el c\u00f3ctel previo, se sirvieron exclusivamente los <strong>\u201cVinos de las Piedras\u201d<\/strong> -marca con la que se conoce toda la producci\u00f3n vin\u00edcola de Cari\u00f1ena, en referencia a los <strong>terrenos pedregosos<\/strong> donde se cultiva- de la Denominaci\u00f3n. El evento reuni\u00f3 a destacados ministros, parlamentarios y dirigentes pol\u00edticos. Entre ellos, la vicepresidenta del Gobierno, <strong>Carmen Calvo<\/strong>,\u00a0 y otros seis ministros: el responsable de Fomento, <strong>Jos\u00e9 Luis \u00c1balos<\/strong>; la de Hacienda, <strong>Mar\u00eda Jes\u00fas Montero<\/strong>; <strong>Magdalena Valerio<\/strong> (Trabajo); <strong>Dolores Delgado<\/strong> (Justicia), <strong>Fernando Grande-Marlaska<\/strong> (Interior) y <strong>Meritxell Batet<\/strong> (Pol\u00edtica Territorial). Tampoco se perdieron la cita el presidente del PP, <strong>Pablo Casado<\/strong>, el secretario general de Podemos, <strong>Pablo Iglesias<\/strong>, o la presidenta del Congreso, <strong>Ana Pastor<\/strong>, que cerr\u00f3 el acto demostrando buenas dotes para el humor. La velada <strong>rompi\u00f3 este a\u00f1o todos los r\u00e9cords de aforo<\/strong>, al congregar a 440 personas.<\/p>\n<p>No es la primera vez que la D.O.P. Cari\u00f1ena patrocina estos tradicionales Premios, <strong>ya lo hizo tambi\u00e9n en 2014<\/strong>. La Asociaci\u00f3n de Periodistas Parlamentarios lleva <strong>25 a\u00f1os organizando este evento<\/strong>, que consigue en estas fechas navide\u00f1as y durante unas horas relajar y sacar las mejores sonrisas de la clase pol\u00edtica espa\u00f1ola.<\/p>\n<p>Este es el <strong>listado completo<\/strong> de los premios entregados durante la cena de este a\u00f1o: <strong><a href=\"http:\/\/www.periodistasparlamentarios.org\/?p=4928\">http:\/\/www.periodistasparlamentarios.org\/?p=4928<\/a><\/strong><\/p>\n<hr>\n<figure id=\"attachment_484\" aria-describedby=\"caption-attachment-484\" style=\"width: 300px\" class=\"wp-caption alignnone\"><a href=\"\/_archivos\/imagenes\/3609.jpg\" target=\"_blank\" rel=\"noopener noreferrer\"><img decoding=\"async\" class=\"size-medium\" src=\"\/_archivos\/imagenes\/300\/3609.jpg\" alt=\"carinena1\" title=\"carinena1\" width=\"300\" height=\"auto\" \/><\/a><figcaption id=\"caption-attachment-484\" class=\"wp-caption-text\"><a href=\"\/_archivos\/imagenes\/3609.jpg\" target=\"_blank\" rel=\"noopener noreferrer\">Descargar imagen<\/a><\/figcaption><\/figure>\n<figure id=\"attachment_484\" aria-describedby=\"caption-attachment-484\" style=\"width: 300px\" class=\"wp-caption alignnone\"><a href=\"\/_archivos\/imagenes\/3610.jpg\" target=\"_blank\" rel=\"noopener noreferrer\"><img decoding=\"async\" class=\"size-medium\" src=\"\/_archivos\/imagenes\/300\/3610.jpg\" alt=\"carinena2\" title=\"carinena2\" width=\"300\" height=\"auto\" \/><\/a><figcaption id=\"caption-attachment-484\" class=\"wp-caption-text\"><a href=\"\/_archivos\/imagenes\/3610.jpg\" target=\"_blank\" rel=\"noopener noreferrer\">Descargar imagen<\/a><\/figcaption><\/figure>    \t<\/p>\n","protected":false},"excerpt":{"rendered":"<p>Las figuras m\u00e1s destacadas de la pol\u00edtica y del periodismo nacional brindaron con los vinos de la Denominaci\u00f3n de Origen Protegida Cari\u00f1ena en la tradicional entrega de los premios anuales de la Asociaci\u00f3n de Periodistas Parlamentarios (APP), que tuvo lugar este martes en el hotel Palace de Madrid. Tanto durante la cena en la que &hellip;<\/p>\n","protected":false},"author":6,"featured_media":4103,"comment_status":"closed","ping_status":"closed","sticky":false,"template":"","format":"standard","meta":{"_genesis_hide_title":false,"_genesis_hide_breadcrumbs":false,"_genesis_hide_singular_image":false,"_genesis_hide_footer_widgets":false,"_genesis_custom_body_class":"","_genesis_custom_post_class":"","_genesis_layout":"","ngg_post_thumbnail":0,"footnotes":""},"categories":[1],"tags":[],"class_list":{"0":"post-4218","1":"post","2":"type-post","3":"status-publish","4":"format-standard","5":"has-post-thumbnail","7":"category-noticias","8":"entry"},"_links":{"self":[{"href":"https:\/\/elvinodelaspiedras.es\/en\/wp-json\/wp\/v2\/posts\/4218"}],"collection":[{"href":"https:\/\/elvinodelaspiedras.es\/en\/wp-json\/wp\/v2\/posts"}],"about":[{"href":"https:\/\/elvinodelaspiedras.es\/en\/wp-json\/wp\/v2\/types\/post"}],"author":[{"embeddable":true,"href":"https:\/\/elvinodelaspiedras.es\/en\/wp-json\/wp\/v2\/users\/6"}],"replies":[{"embeddable":true,"href":"https:\/\/elvinodelaspiedras.es\/en\/wp-json\/wp\/v2\/comments?post=4218"}],"version-history":[{"count":2,"href":"https:\/\/elvinodelaspiedras.es\/en\/wp-json\/wp\/v2\/posts\/4218\/revisions"}],"predecessor-version":[{"id":5846,"href":"https:\/\/elvinodelaspiedras.es\/en\/wp-json\/wp\/v2\/posts\/4218\/revisions\/5846"}],"wp:featuredmedia":[{"embeddable":true,"href":"https:\/\/elvinodelaspiedras.es\/en\/wp-json\/wp\/v2\/media\/4103"}],"wp:attachment":[{"href":"https:\/\/elvinodelaspiedras.es\/en\/wp-json\/wp\/v2\/media?parent=4218"}],"wp:term":[{"taxonomy":"category","embeddable":true,"href":"https:\/\/elvinodelaspiedras.es\/en\/wp-json\/wp\/v2\/categories?post=4218"},{"taxonomy":"post_tag","embeddable":true,"href":"https:\/\/elvinodelaspiedras.es\/en\/wp-json\/wp\/v2\/tags?post=4218"}],"curies":[{"name":"wp","href":"https:\/\/api.w.org\/{rel}","templated":true}]}}