{"id":5645,"date":"2020-06-18T07:23:49","date_gmt":"2020-06-18T07:23:49","guid":{"rendered":"https:\/\/elvinodelaspiedras.es\/en\/?p=5645"},"modified":"2020-11-13T12:29:25","modified_gmt":"2020-11-13T12:29:25","slug":"la-complejidad-de-la-dop-carinena-con-seis-grandes-tipos-de-suelos-produce-unos-vinos-originales-y-con-personalidad","status":"publish","type":"post","link":"https:\/\/elvinodelaspiedras.es\/en\/comunicacion\/noticias\/la-complejidad-de-la-dop-carinena-con-seis-grandes-tipos-de-suelos-produce-unos-vinos-originales-y-con-personalidad\/","title":{"rendered":"\u201cLa complejidad de la D.O.P Cari\u00f1ena, con seis grandes tipos de suelos, produce unos vinos originales y con personalidad"},"content":{"rendered":"<p>La&nbsp;<strong>Denominaci\u00f3n<\/strong><strong>&nbsp;de Origen Protegida Cari\u00f1ena destaca<\/strong>&nbsp;por su&nbsp;<strong>diversidad de terrenos<\/strong>&nbsp;y por el&nbsp;<strong>gran potencial<\/strong>&nbsp;que ofrecen sus&nbsp;<strong>variedades de uva m\u00e1s caracter\u00edsticas<\/strong>. Son las primeras conclusiones de&nbsp;<strong>Laurent Duret<\/strong>,&nbsp;<strong>ingeniero agr\u00f3nomo, en\u00f3logo y asesor en viticultura de la empresa Groupe ICV<\/strong>, responsable de un&nbsp;<strong>ambicioso an\u00e1lisis<\/strong>&nbsp;de los&nbsp;<strong>suelos y vi\u00f1as del Vino de las Piedras<\/strong>, la marca con que se conoce la producci\u00f3n de la Denominaci\u00f3n. Esta semana, est\u00e1 realizando una nueva fase de&nbsp;<strong>trabajos in situ<\/strong>&nbsp;y ha presentado tambi\u00e9n los resultados de una&nbsp;<strong>cata experimental<\/strong>. Los&nbsp;<strong>t\u00e9cnicos de las bodegas<\/strong>&nbsp;que integran la Denominaci\u00f3n han colaborado con el&nbsp;<strong>departamento t\u00e9cnico del Consejo Regulador y el Groupe ICV<\/strong>&nbsp;para realizar este proyecto.<\/p>\n<p>La&nbsp;<strong>palabra francesa terroir<\/strong>&nbsp;define en el mundo del vino la&nbsp;<strong>combinaci\u00f3n de factores que caracterizan a un vi\u00f1edo<\/strong>, desde el suelo y el clima hasta el trabajo del viticultor. Para&nbsp;<strong>sacar el m\u00e1ximo partido<\/strong>&nbsp;de las&nbsp;<strong>particularidades de los Vinos de las Piedras<\/strong>&nbsp;se puso en marcha a finales de 2017 el&nbsp;<strong>proyecto &#8220;Caracterizaci\u00f3n de los potenciales vit\u00edcolas y enol\u00f3gicos de los terroir de la D.O.P. Cari\u00f1ena&#8221;<\/strong>, dirigido por&nbsp;<strong>Duret<\/strong>.<\/p>\n<p>Con este proyecto, se est\u00e1n&nbsp;<strong>analizando a lo largo de cinco a\u00f1os los campos de la D.O.P. Cari\u00f1ena<\/strong>&nbsp;para&nbsp;<strong>identificar y caracterizar<\/strong>&nbsp;los&nbsp;<strong>diferentes terroir<\/strong>&nbsp;y estudiar las&nbsp;<strong>posibilidades y tendencias&nbsp;<\/strong>que cada uno ofrece a&nbsp;<strong>distintas variedades de uva<\/strong>. Su responsable recalca que las conclusiones definitivas se tendr\u00e1n al final de la investigaci\u00f3n &#8220;porque no se pueden asegurar las tendencias solo en un a\u00f1o&#8221;, pero califica los&nbsp;<strong>resultados<\/strong>&nbsp;ya obtenidos de&nbsp;<strong>&#8220;muy interesantes&#8221;<\/strong>, porque inciden en la&nbsp;<strong>personalidad y singularidad<\/strong>&nbsp;de los&nbsp;<strong>vinos de la Denominaci\u00f3n<\/strong>&nbsp;&#8220;y tener un&nbsp;<strong>producto original<\/strong>&nbsp;es un&nbsp;<strong>resultado muy importante<\/strong>&#8220;.<\/p>\n<p>Como primer paso del estudio, se describieron&nbsp;<strong>seis principales unidades de terroir<\/strong>, correspondientes a los seis&nbsp;<strong>grandes tipos de suelo<\/strong>&nbsp;en el territorio: Suelos aluviales recientes, suelos de terrazas pedregosas de llanura, suelos rojos oxidados de terrazas, suelos de semiladeras y vertientes, suelos de mesetas de calizas y suelos de laderas con pizarras y cuarcitas. Una clasificaci\u00f3n que Duret destaca que ya indica que la D.O.P. Cari\u00f1ena &#8220;<strong>se caracteriza por la diversidad, mucho m\u00e1s compleja que en otras denominaciones<\/strong>&#8220;.<\/p>\n<p>Para&nbsp;<strong>ahondar<\/strong>&nbsp;en la&nbsp;<strong>caracterizaci\u00f3n<\/strong>,&nbsp;<strong>cada a\u00f1o<\/strong>&nbsp;se est\u00e1 realizando un completo&nbsp;<strong>seguimiento en cien parcelas del ciclo vegetativo de la vid<\/strong>. As\u00ed, en esta semana de trabajo de campo, Laurent Duret ha visitado las parcelas de estudio en las unidades 3 y 5, en las que este a\u00f1o se est\u00e1 focalizando esta parte del trabajo.<\/p>\n<p>Adem\u00e1s, sobre esta zonificaci\u00f3n b\u00e1sica se ha creado una&nbsp;<strong>&#8220;red de referencia&#8221; de veinte parcelas<\/strong>, para&nbsp;<strong>estudiar de forma exhaustiva<\/strong>&nbsp;el desarrollo de las&nbsp;<strong>uvas<\/strong>&nbsp;consideradas&nbsp;<strong>de m\u00e1s inter\u00e9s<\/strong>. Las variedades&nbsp;<strong>m\u00e1s caracter\u00edsticas de la Denominaci\u00f3n<\/strong>: la&nbsp;<strong>garnacha tinta<\/strong>, la<strong>&nbsp;cari\u00f1ena y&nbsp;<\/strong>la&nbsp;<strong>macabeo&nbsp;<\/strong>se est\u00e1n&nbsp;<strong>estudiando<\/strong>&nbsp;en&nbsp;<strong>todos los tipos de terroir<\/strong>&nbsp;y se completan con otros an\u00e1lisis parciales.<\/p>\n<p>Junto al seguimiento de las parcelas, esta parte del estudio incluye&nbsp;<strong>microvinificaciones<\/strong>, en las que muestras de 50 kilos de uva de cada parcela estudiada se traslada a la&nbsp;<strong>bodega experimental<\/strong>&nbsp;de Groupe ICV en Montpellier para&nbsp;<strong>caracterizar al m\u00e1ximo cada terroir<\/strong>. Tambi\u00e9n esta semana se han realizado calicatas en las parcelas de la red de referencia y los&nbsp;<strong>en\u00f3logos y t\u00e9cnicos de la DOP<\/strong>&nbsp;han podido&nbsp;<strong>catar<\/strong>&nbsp;los resultados de la&nbsp;<strong>primera vinificaci\u00f3n<\/strong>&nbsp;realizada en&nbsp;<strong>toda la red<\/strong>.<\/p>\n<p><strong>LA TRADICI\u00d3N<\/strong><strong>, CAMINO DE FUTURO<\/strong><\/p>\n<p>Los resultados de estas vinificaciones experimentales y del an\u00e1lisis de las parcelas est\u00e1n ya permitiendo&nbsp;<strong>hacer a las bodegas<\/strong>&nbsp;<strong>recomendaciones agron\u00f3micas&nbsp;<\/strong>para<strong>&nbsp;mejorar las cualidades y valor de su producci\u00f3n<\/strong>, aprovechando al m\u00e1ximo las condiciones de cada terroir e inciden en mostrar las&nbsp;<strong>condiciones de la DOP Cari\u00f1ena<\/strong>&nbsp;para el cultivo sus&nbsp;<strong>uvas m\u00e1s caracter\u00edsticas<\/strong>.<\/p>\n<p>&#8220;Los resultados indican que la uva&nbsp;<strong>macabeo<\/strong>&nbsp;funciona muy bien, en algunos terroir del estudio&nbsp;<strong>est\u00e1 dando vinos muy arom\u00e1ticos<\/strong>, incluso c\u00edtricos; que es un resultado muy importante&#8221;, se\u00f1ala Duret como ejemplo. De la misma manera, el t\u00e9cnico resalta que la uva&nbsp;<strong>garnacha<\/strong>&nbsp;se muestra &#8220;<strong>muy adaptada<\/strong>&nbsp;a&nbsp;<strong>todos los tipos<\/strong>&nbsp;de&nbsp;<strong>terreno<\/strong>, aunque en cada uno produce vinos&nbsp;<strong>con perfiles diferentes<\/strong>&#8220;, mientras que la variedad&nbsp;<strong>cari\u00f1ena<\/strong>&nbsp;resalta porque &#8220;en terrenos de cascajo y de pizarras -que inspiraron el lema &#8216;El Vino de las Piedras&#8217;- tiene un comportamiento muy interesante, con&nbsp;<strong>vinos muy equilibrados, pero diferentes<\/strong>&#8220;.<\/p>\n<p>Laurent Duret resalta que concluir que las variedades tradicionales dan los mejores resultados &#8220;no es una sorpresa&#8221;, pero que marca una importante&nbsp;<strong>l\u00ednea de futuro<\/strong>, buscando&nbsp;<strong>desarrollar<\/strong>&nbsp;<strong>al m\u00e1ximo las condiciones de cada terroir<\/strong>. Como ejemplo se\u00f1ala Borgo\u00f1a, &#8220;que con una sola variedad de uva, la pinot noir, pero doscientos a\u00f1os de trabajo, tienen uno de los vinos m\u00e1s reconocidos en el mundo y de m\u00e1s alto precio&#8221;.<\/p>\n<p>El&nbsp;<strong>estudio ya<\/strong>&nbsp;est\u00e1 mostrando&nbsp;<strong>datos de inter\u00e9s para las bodegas<\/strong>&nbsp;y concluir\u00e1 en&nbsp;<strong>2022<\/strong>&nbsp;con la&nbsp;<strong>presentaci\u00f3n<\/strong>&nbsp;de las&nbsp;<strong>propuestas definitivas<\/strong>&nbsp;con&nbsp;<strong>recomendaciones sobre cultivo y vinificaci\u00f3n<\/strong>&nbsp;para que las bodegas las apliquen; aunque Duret destaca que no se trata del final del camino, sino del primer paso &#8220;porque luego hay que trabajar para llevar el vino al cliente, pero yo soy&nbsp;<strong>muy optimista<\/strong>&nbsp;porque tenemos&nbsp;<strong>excelentes condiciones para ganar mercado<\/strong>&#8220;.<\/p>\n<hr>\n<figure id=\"attachment_3779\" aria-describedby=\"caption-attachment-3779\" style=\"width: 300px\" class=\"wp-caption alignnone\"><a href=\"\/_archivos\/imagenes\/3779.jpg\" target=\"_blank\" rel=\"noopener noreferrer\"><img decoding=\"async\" class=\"size-medium\" title=\"El t\u00e9cnico Laurent Duret durante los trabajos en un vi\u00f1edo de Cosuenda de uva cari\u00f1ena\" src=\"\/_archivos\/imagenes\/300\/3779.jpg\" alt=\"El t\u00e9cnico Laurent Duret durante los trabajos en un vi\u00f1edo de Cosuenda de uva cari\u00f1ena\" width=\"300\" height=\"auto\"><\/a><figcaption id=\"caption-attachment-3779\" class=\"wp-caption-text\"><a href=\"\/_archivos\/imagenes\/3779.jpg\" target=\"_blank\" rel=\"noopener noreferrer\">Descargar imagen<\/a><\/figcaption><\/figure>\n<figure id=\"attachment_3800\" aria-describedby=\"caption-attachment-3800\" style=\"width: 300px\" class=\"wp-caption alignnone\"><a href=\"\/_archivos\/imagenes\/3800.jpg\" target=\"_blank\" rel=\"noopener noreferrer\"><img decoding=\"async\" class=\"size-medium\" title=\"El t\u00e9cnico Laurent Duret durante los trabajos en un vi\u00f1edo de Cosuenda de uva cari\u00f1ena\" src=\"\/_archivos\/imagenes\/300\/3800.jpg\" alt=\"El t\u00e9cnico Laurent Duret durante los trabajos en un vi\u00f1edo de Cosuenda de uva cari\u00f1ena\" width=\"300\" height=\"auto\"><\/a><figcaption id=\"caption-attachment-3800\" class=\"wp-caption-text\"><a href=\"\/_archivos\/imagenes\/3800.jpg\" target=\"_blank\" rel=\"noopener noreferrer\">Descargar imagen<\/a><\/figcaption><\/figure>\n<figure id=\"attachment_3801\" aria-describedby=\"caption-attachment-3801\" style=\"width: 300px\" class=\"wp-caption alignnone\"><a href=\"\/_archivos\/imagenes\/3801.jpg\" target=\"_blank\" rel=\"noopener noreferrer\"><img decoding=\"async\" class=\"size-medium\" title=\"El t\u00e9cnico Laurent Duret durante los trabajos en un vi\u00f1edo de Cosuenda de uva cari\u00f1ena\" src=\"\/_archivos\/imagenes\/300\/3801.jpg\" alt=\"El t\u00e9cnico Laurent Duret durante los trabajos en un vi\u00f1edo de Cosuenda de uva cari\u00f1ena\" width=\"300\" height=\"auto\"><\/a><figcaption id=\"caption-attachment-3801\" class=\"wp-caption-text\"><a href=\"\/_archivos\/imagenes\/3801.jpg\" target=\"_blank\" rel=\"noopener noreferrer\">Descargar imagen<\/a><\/figcaption><\/figure>\n<figure id=\"attachment_3802\" aria-describedby=\"caption-attachment-3802\" style=\"width: 300px\" class=\"wp-caption alignnone\"><a href=\"\/_archivos\/imagenes\/3802.jpg\" target=\"_blank\" rel=\"noopener noreferrer\"><img decoding=\"async\" class=\"size-medium\" title=\"El t\u00e9cnico Laurent Duret durante los trabajos en un vi\u00f1edo de Cosuenda de uva cari\u00f1ena\" src=\"\/_archivos\/imagenes\/300\/3802.jpg\" alt=\"El t\u00e9cnico Laurent Duret durante los trabajos en un vi\u00f1edo de Cosuenda de uva cari\u00f1ena\" width=\"300\" height=\"auto\"><\/a><figcaption id=\"caption-attachment-3802\" class=\"wp-caption-text\"><a href=\"\/_archivos\/imagenes\/3802.jpg\" target=\"_blank\" rel=\"noopener noreferrer\">Descargar imagen<\/a><\/figcaption><\/figure>\n<figure id=\"attachment_3803\" aria-describedby=\"caption-attachment-3803\" style=\"width: 300px\" class=\"wp-caption alignnone\"><a href=\"\/_archivos\/imagenes\/3803.jpg\" target=\"_blank\" rel=\"noopener noreferrer\"><img decoding=\"async\" class=\"size-medium\" title=\"El t\u00e9cnico Laurent Duret durante los trabajos en un vi\u00f1edo de Cosuenda de uva cari\u00f1ena\" src=\"\/_archivos\/imagenes\/300\/3803.jpg\" alt=\"El t\u00e9cnico Laurent Duret durante los trabajos en un vi\u00f1edo de Cosuenda de uva cari\u00f1ena\" width=\"300\" height=\"auto\"><\/a><figcaption id=\"caption-attachment-3803\" class=\"wp-caption-text\"><a href=\"\/_archivos\/imagenes\/3803.jpg\" target=\"_blank\" rel=\"noopener noreferrer\">Descargar imagen<\/a><\/figcaption><\/figure>\n<figure id=\"attachment_3804\" aria-describedby=\"caption-attachment-3804\" style=\"width: 300px\" class=\"wp-caption alignnone\"><a href=\"\/_archivos\/imagenes\/3804.jpg\" target=\"_blank\" rel=\"noopener noreferrer\"><img decoding=\"async\" class=\"size-medium\" title=\"El t\u00e9cnico Laurent Duret durante los trabajos en un vi\u00f1edo de Cosuenda de uva cari\u00f1ena\" src=\"\/_archivos\/imagenes\/300\/3804.jpg\" alt=\"El t\u00e9cnico Laurent Duret durante los trabajos en un vi\u00f1edo de Cosuenda de uva cari\u00f1ena\" width=\"300\" height=\"auto\"><\/a><figcaption id=\"caption-attachment-3804\" class=\"wp-caption-text\"><a href=\"\/_archivos\/imagenes\/3804.jpg\" target=\"_blank\" rel=\"noopener noreferrer\">Descargar imagen<\/a><\/figcaption><\/figure>\n","protected":false},"excerpt":{"rendered":"<p>La&nbsp;Denominaci\u00f3n&nbsp;de Origen Protegida Cari\u00f1ena destaca&nbsp;por su&nbsp;diversidad de terrenos&nbsp;y por el&nbsp;gran potencial&nbsp;que ofrecen sus&nbsp;variedades de uva m\u00e1s caracter\u00edsticas. Son las primeras conclusiones de&nbsp;Laurent Duret,&nbsp;ingeniero agr\u00f3nomo, en\u00f3logo y asesor en viticultura de la empresa Groupe ICV, responsable de un&nbsp;ambicioso an\u00e1lisis&nbsp;de los&nbsp;suelos y vi\u00f1as del Vino de las Piedras, la marca con que se conoce la producci\u00f3n de &hellip;<\/p>\n","protected":false},"author":5,"featured_media":5650,"comment_status":"closed","ping_status":"closed","sticky":false,"template":"","format":"standard","meta":{"_genesis_hide_title":false,"_genesis_hide_breadcrumbs":false,"_genesis_hide_singular_image":false,"_genesis_hide_footer_widgets":false,"_genesis_custom_body_class":"","_genesis_custom_post_class":"","_genesis_layout":"","ngg_post_thumbnail":0,"footnotes":""},"categories":[1],"tags":[],"class_list":{"0":"post-5645","1":"post","2":"type-post","3":"status-publish","4":"format-standard","5":"has-post-thumbnail","7":"category-noticias","8":"entry"},"_links":{"self":[{"href":"https:\/\/elvinodelaspiedras.es\/en\/wp-json\/wp\/v2\/posts\/5645"}],"collection":[{"href":"https:\/\/elvinodelaspiedras.es\/en\/wp-json\/wp\/v2\/posts"}],"about":[{"href":"https:\/\/elvinodelaspiedras.es\/en\/wp-json\/wp\/v2\/types\/post"}],"author":[{"embeddable":true,"href":"https:\/\/elvinodelaspiedras.es\/en\/wp-json\/wp\/v2\/users\/5"}],"replies":[{"embeddable":true,"href":"https:\/\/elvinodelaspiedras.es\/en\/wp-json\/wp\/v2\/comments?post=5645"}],"version-history":[{"count":3,"href":"https:\/\/elvinodelaspiedras.es\/en\/wp-json\/wp\/v2\/posts\/5645\/revisions"}],"predecessor-version":[{"id":5648,"href":"https:\/\/elvinodelaspiedras.es\/en\/wp-json\/wp\/v2\/posts\/5645\/revisions\/5648"}],"wp:featuredmedia":[{"embeddable":true,"href":"https:\/\/elvinodelaspiedras.es\/en\/wp-json\/wp\/v2\/media\/5650"}],"wp:attachment":[{"href":"https:\/\/elvinodelaspiedras.es\/en\/wp-json\/wp\/v2\/media?parent=5645"}],"wp:term":[{"taxonomy":"category","embeddable":true,"href":"https:\/\/elvinodelaspiedras.es\/en\/wp-json\/wp\/v2\/categories?post=5645"},{"taxonomy":"post_tag","embeddable":true,"href":"https:\/\/elvinodelaspiedras.es\/en\/wp-json\/wp\/v2\/tags?post=5645"}],"curies":[{"name":"wp","href":"https:\/\/api.w.org\/{rel}","templated":true}]}}