{"id":5651,"date":"2020-06-25T07:47:45","date_gmt":"2020-06-25T07:47:45","guid":{"rendered":"https:\/\/elvinodelaspiedras.es\/en\/?p=5651"},"modified":"2020-11-13T12:29:25","modified_gmt":"2020-11-13T12:29:25","slug":"la-dop-carinena-dedicara-una-placa-en-su-paseo-de-las-estrellas-a-las-victimas-del-coronavirus-el-27-de-septiembre","status":"publish","type":"post","link":"https:\/\/elvinodelaspiedras.es\/en\/comunicacion\/noticias\/la-dop-carinena-dedicara-una-placa-en-su-paseo-de-las-estrellas-a-las-victimas-del-coronavirus-el-27-de-septiembre\/","title":{"rendered":"La D.O.P. Cari\u00f1ena dedicar\u00e1 una placa en su paseo de las estrellas a las v\u00edctimas del coronavirus el 27 de septiembre"},"content":{"rendered":"<p>La&nbsp;<strong>Denominaci\u00f3n<\/strong><strong>&nbsp;de Origen Protegida Cari\u00f1ena&nbsp;<\/strong>dedicar\u00e1 un&nbsp;<strong>recuerdo y homenaje permanente a las v\u00edctimas del coronavirus<\/strong>&nbsp;con la colocaci\u00f3n de una&nbsp;<strong>placa &#8220;in memoriam&#8221; en el Paseo de las Estrellas&nbsp;<\/strong>de la localidad zaragozana. Ser\u00e1 el pr\u00f3ximo&nbsp;<strong>27 de septiembre&nbsp;<\/strong>y constituir\u00e1 el \u00fanico acto de la&nbsp;<strong>54\u00aa Fiesta de la Vendimia.&nbsp;El&nbsp;Consejo Regulador de la Denominaci\u00f3n, siguiendo las&nbsp;recomendaciones de las autoridades<\/strong>&nbsp;sanitarias y en&nbsp;<strong>se\u00f1al de duelo&nbsp;<\/strong>por los efectos de la pandemia, ha acordado&nbsp;<strong>no celebrar las actividades festivas tradicionales<\/strong>.<\/p>\n<p>No habr\u00e1 por lo tanto la&nbsp;<strong>Exaltaci\u00f3n<\/strong><strong>&nbsp;del Vino<\/strong>&nbsp;en la plaza de la localidad, con el tradicional encendido de la&nbsp;<strong>Fuente<\/strong><strong>&nbsp;de la Mora<\/strong>, de la que ese d\u00eda manaba vino en lugar de agua, una fiesta declarada de&nbsp;<strong>Inter\u00e9s Tur\u00edstico de Arag\u00f3n&nbsp;<\/strong>que congrega a cientos de personas<strong>.&nbsp;<\/strong>El protagonista es todos los a\u00f1os un&nbsp;<strong>Invitado de Honor<\/strong>&nbsp;que tras el acto plasma sus manos en una placa con forma de hoja de vid, en el denominado&nbsp;<strong>Paseo de las Estrellas de Cari\u00f1ena<\/strong>. Se trata de una iniciativa de la D.O.P. Cari\u00f1ena iniciada en 2014 y que se ha convertido en un reclamo tur\u00edstico al albergar las huellas de distintas personalidades como&nbsp;<strong>Ant\u00f3n Castro, Jos\u00e9 Ram\u00f3n de la Morena, Santiago Segura, Cristina del Valle, David Trueba, Eduardo Noriega, Elvira Lindo, Paula Ortiz, Miguel \u00c1ngel Lamata, Gabino Diego, Luisa Gavasa y Manuel Vilas.<\/strong><\/p>\n<p>La Denominaci\u00f3n&nbsp;de Origen&nbsp;<strong>a\u00f1adir\u00e1 el d\u00eda 27 de septiembre una nueva placa al Paseo&nbsp;<\/strong>pero en este caso de recuerdo y homenaje a los miles de fallecidos que el coronavirus ha causado en Espa\u00f1a. Ser\u00e1 un acto sencillo, que llevar\u00e1n a cabo los&nbsp;<strong>representantes de bodegas y responsables de la Denominaci\u00f3n<\/strong>&nbsp;que integran el pleno del Consejo Regulador &#8220;Queremos&nbsp;<strong>sumarnos as\u00ed al dolor de tantas familias<\/strong>&nbsp;y, por&nbsp;<strong>responsabilidad y en cumplimiento de las medidas sanitarias<\/strong>, no se har\u00e1 este a\u00f1o&nbsp;<strong>ninguna otra celebraci\u00f3n<\/strong>&#8220;, ha declarado&nbsp;<strong>Ignacio Casamitjana, presidente de la D.O.P. Cari\u00f1ena<\/strong>.<\/p>\n<hr>\n<figure id=\"attachment_3805\" aria-describedby=\"caption-attachment-3805\" style=\"width: 300px\" class=\"wp-caption alignnone\"><a href=\"\/_archivos\/imagenes\/3805.jpg\" target=\"_blank\" rel=\"noopener noreferrer\"><img decoding=\"async\" class=\"size-medium\" title=\"Acto de imposici\u00f3n de manos del escritor Manuel Vilas en el Paseo de las Estrellas de Cari\u00f1ena\" src=\"\/_archivos\/imagenes\/300\/3805.jpg\" alt=\"Acto de imposici\u00f3n de manos del escritor Manuel Vilas en el Paseo de las Estrellas de Cari\u00f1ena\" width=\"300\" height=\"auto\"><\/a><figcaption id=\"caption-attachment-3805\" class=\"wp-caption-text\"><a href=\"\/_archivos\/imagenes\/3805.jpg\" target=\"_blank\" rel=\"noopener noreferrer\">Descargar imagen<\/a><\/figcaption><\/figure>\n","protected":false},"excerpt":{"rendered":"<p>La&nbsp;Denominaci\u00f3n&nbsp;de Origen Protegida Cari\u00f1ena&nbsp;dedicar\u00e1 un&nbsp;recuerdo y homenaje permanente a las v\u00edctimas del coronavirus&nbsp;con la colocaci\u00f3n de una&nbsp;placa &#8220;in memoriam&#8221; en el Paseo de las Estrellas&nbsp;de la localidad zaragozana. Ser\u00e1 el pr\u00f3ximo&nbsp;27 de septiembre&nbsp;y constituir\u00e1 el \u00fanico acto de la&nbsp;54\u00aa Fiesta de la Vendimia.&nbsp;El&nbsp;Consejo Regulador de la Denominaci\u00f3n, siguiendo las&nbsp;recomendaciones de las autoridades&nbsp;sanitarias y en&nbsp;se\u00f1al de &hellip;<\/p>\n","protected":false},"author":5,"featured_media":5654,"comment_status":"closed","ping_status":"closed","sticky":false,"template":"","format":"standard","meta":{"_genesis_hide_title":false,"_genesis_hide_breadcrumbs":false,"_genesis_hide_singular_image":false,"_genesis_hide_footer_widgets":false,"_genesis_custom_body_class":"","_genesis_custom_post_class":"","_genesis_layout":"","ngg_post_thumbnail":0,"footnotes":""},"categories":[1],"tags":[],"class_list":{"0":"post-5651","1":"post","2":"type-post","3":"status-publish","4":"format-standard","5":"has-post-thumbnail","7":"category-noticias","8":"entry"},"_links":{"self":[{"href":"https:\/\/elvinodelaspiedras.es\/en\/wp-json\/wp\/v2\/posts\/5651"}],"collection":[{"href":"https:\/\/elvinodelaspiedras.es\/en\/wp-json\/wp\/v2\/posts"}],"about":[{"href":"https:\/\/elvinodelaspiedras.es\/en\/wp-json\/wp\/v2\/types\/post"}],"author":[{"embeddable":true,"href":"https:\/\/elvinodelaspiedras.es\/en\/wp-json\/wp\/v2\/users\/5"}],"replies":[{"embeddable":true,"href":"https:\/\/elvinodelaspiedras.es\/en\/wp-json\/wp\/v2\/comments?post=5651"}],"version-history":[{"count":4,"href":"https:\/\/elvinodelaspiedras.es\/en\/wp-json\/wp\/v2\/posts\/5651\/revisions"}],"predecessor-version":[{"id":5656,"href":"https:\/\/elvinodelaspiedras.es\/en\/wp-json\/wp\/v2\/posts\/5651\/revisions\/5656"}],"wp:featuredmedia":[{"embeddable":true,"href":"https:\/\/elvinodelaspiedras.es\/en\/wp-json\/wp\/v2\/media\/5654"}],"wp:attachment":[{"href":"https:\/\/elvinodelaspiedras.es\/en\/wp-json\/wp\/v2\/media?parent=5651"}],"wp:term":[{"taxonomy":"category","embeddable":true,"href":"https:\/\/elvinodelaspiedras.es\/en\/wp-json\/wp\/v2\/categories?post=5651"},{"taxonomy":"post_tag","embeddable":true,"href":"https:\/\/elvinodelaspiedras.es\/en\/wp-json\/wp\/v2\/tags?post=5651"}],"curies":[{"name":"wp","href":"https:\/\/api.w.org\/{rel}","templated":true}]}}