{"id":7169,"date":"2023-02-17T15:38:21","date_gmt":"2023-02-17T15:38:21","guid":{"rendered":"https:\/\/elvinodelaspiedras.es\/en\/?p=7169"},"modified":"2024-02-27T15:42:41","modified_gmt":"2024-02-27T15:42:41","slug":"goya-hoces-huerva-nuevos-atractivos-enoturisticos-d-o-carinena-incorporacion-fuendetodos-vistabella","status":"publish","type":"post","link":"https:\/\/elvinodelaspiedras.es\/en\/comunicacion\/noticias\/goya-hoces-huerva-nuevos-atractivos-enoturisticos-d-o-carinena-incorporacion-fuendetodos-vistabella\/","title":{"rendered":"Goya y las Hoces del Huerva, nuevos atractivos enotur\u00edsticos de la D.O. Cari\u00f1ena tras la incorporaci\u00f3n de Fuendetodos y Vistabella"},"content":{"rendered":"<p>La <strong>Denominaci\u00f3n de Origen Cari\u00f1ena<\/strong> ha formalizado la <strong>incorporaci\u00f3n<\/strong> de los <strong>municipios de Fuendetodos y Vistabella de Huerva<\/strong> a su <strong>zona de producci\u00f3n<\/strong> con un acto de <strong>firma en la sede del Gobierno de Arag\u00f3n<\/strong>. El <strong>presidente de la D.O. Cari\u00f1ena, Antonio Ubide<\/strong>, ha resaltado que \u201c<strong>ampliar hect\u00e1reas<\/strong> y la zona geogr\u00e1fica es siempre un motivo de <strong>\u00e9xito y satisfacci\u00f3n<\/strong>, y adem\u00e1s supone <strong>vincular<\/strong> de manera definitiva el <strong>territorio Goya<\/strong> a la Denominaci\u00f3n, de cara a <strong>la promoci\u00f3n y a la imagen<\/strong>\u201d.<\/p>\n<p>La <strong>modificaci\u00f3n del Pliego de Condiciones<\/strong> de la <strong>Denominaci\u00f3n de Origen Cari\u00f1ena <\/strong>para ampliar su territorio se public\u00f3 en el <strong>BOA<\/strong> en <strong>enero<\/strong> y <strong>esta ma\u00f1ana<\/strong> se ha <strong>completado<\/strong> con la <strong>firma de la uni\u00f3n<\/strong> por parte de los <strong>alcaldes de Fuendetodos y Vistabella de Huerva, Enrique Salue\u00f1a y Juan Jos\u00e9 Gasca<\/strong>; y el <strong>presidente de la Denominaci\u00f3n<\/strong>. En el acto han estado tambi\u00e9n presentes el <strong>consejero de Agricultura, Ganader\u00eda y Medio Ambiente del Gobierno de Arag\u00f3n, Joaqu\u00edn Olona, y la directora general de Innovaci\u00f3n y Promoci\u00f3n Agroalimentaria, Carmen Urbano.<\/strong><\/p>\n<p>Con esta <strong>ampliaci\u00f3n<\/strong>, la <strong>primera en la historia de la D.O.<\/strong>, <strong>Antonio Ubide<\/strong> se ha declarado \u201c<strong>convencido<\/strong> de que surgir\u00e1n <strong>nuevos proyectos de vi\u00f1edos y bodegas<\/strong>\u201d y tambi\u00e9n se impulsar\u00e1 la <strong>promoci\u00f3n enotur\u00edstica<\/strong> \u201cpor la <strong>importancia de vincular Goya y vino, vino y Goya, y tambi\u00e9n los parajes naturales de Vistabella<\/strong>\u201d. <strong>Fuendetodos<\/strong>, la <strong>localidad natal<\/strong> del genial pintor, es el eje del <strong>territorio Goya<\/strong> en la provincia de Zaragoza, que incluye otros destinos pr\u00f3ximos como las <strong>pinturas murales<\/strong> de la ermita de la Virgen de la Fuente, en <strong>Muel<\/strong>.<\/p>\n<p><img fetchpriority=\"high\" decoding=\"async\" class=\"aligncenter wp-image-14947 size-full\" src=\"https:\/\/elvinodelaspiedras.es\/wp-content\/uploads\/2023\/02\/Imagen-de-WhatsApp-2023-02-17-a-las-13.38.46.jpg\" alt=\"\" width=\"1600\" height=\"1068\"> &nbsp;<\/p>\n<p>Asimismo, con <strong>Vistabella de Huerva<\/strong>, la Denominaci\u00f3n suma otro importante <strong>atractivo enotur\u00edstico vinculado con la naturaleza: las Hoces del Huerva<\/strong>. En esta localidad de Campo de Cari\u00f1ena, el <strong>r\u00edo se encaja<\/strong> conformado un <strong>valioso espacio natural<\/strong> de gran valor ecol\u00f3gico, protegido como <strong>Zona Especial de Protecci\u00f3n de Aves y Lugar de Importancia Comunitaria<\/strong>, y que ofrece atractivos <strong>recorridos senderistas<\/strong>.<\/p>\n<p>Los <strong>alcaldes<\/strong> de los dos nuevos municipios han incidido en estas mismas ideas. As\u00ed, <strong>Enrique Salue\u00f1a<\/strong>, de <strong>Fuendetodos<\/strong>, ha resaltado que como parte de la D.O. Cari\u00f1ena, \u201clo primero ser\u00e1 un <strong>aumento del turismo<\/strong>\u201d. La cuna de Goya, donde se pueden visitar su casa familiar y sus famosas series de grabados, ya forma parte de la <strong>Ruta del Vino de las Piedras<\/strong>, incluida en <strong>ACEVIN (Asociaci\u00f3n Espa\u00f1ola de Ciudades del Vino)<\/strong>.<\/p>\n<p>Por su parte, <strong>Juan Jos\u00e9 Gasca<\/strong>, el edil de <strong>Vistabella de Huerva<\/strong>, ha se\u00f1alado que \u201cformar parte de la Denominaci\u00f3n nos va a servir para darnos a conocer y el <strong>sello de la D.O.<\/strong> ayudar\u00e1 a cualquier agricultor a <strong>aumentar las plantaciones de vi\u00f1edo<\/strong>\u201d.<\/p>\n<p><img decoding=\"async\" class=\"aligncenter wp-image-14949 size-full\" src=\"https:\/\/elvinodelaspiedras.es\/wp-content\/uploads\/2023\/02\/Imagen-de-WhatsApp-2023-02-17-a-las-13.40.043.jpg\" alt=\"\" width=\"1600\" height=\"1068\"><\/p>\n<p>&#8220;<strong>Hace tan solo unos meses celebr\u00e1bamos el 90\u00ba Aniversario<\/strong> de la denominaci\u00f3n m\u00e1s antigua de Arag\u00f3n, la de Cari\u00f1ena, y hoy tenemos que volver a brindar porque, aunque <strong>tambi\u00e9n era ya la m\u00e1s extensa de toda la Comunidad Aut\u00f3noma, todav\u00eda lo va a ser m\u00e1s<\/strong> con la adhesi\u00f3n de Fuendetodos y Vistabella&#8221;, ha comenzado diciendo el consejero de Agricultura, Ganader\u00eda y Medio Ambiente del Gobierno de Arag\u00f3n, <strong>Joaqu\u00edn Olona<\/strong>, al inicio del acto.<\/p>\n<p>Para el responsable del Gobierno de Arag\u00f3n, &#8220;sin duda, esta firma es una gran noticia, no solo por el <strong>incremento del n\u00famero de viticultores y de hect\u00e1reas de vi\u00f1edo<\/strong>, tambi\u00e9n porque esto <strong>demuestra que es una denominaci\u00f3n que est\u00e1 viva y que no deja de ampliar sus miras hacia el futuro<\/strong>, tal y como ha venido haciendo durante las \u00faltimas nueve d\u00e9cadas&#8221;.<\/p>\n<p><strong>&nbsp;<\/strong><strong>\u201cINTER\u00c9S POR TODAS LAS PARTES\u201d<\/strong><\/p>\n<p>El <strong>proyecto de ampliaci\u00f3n<\/strong> surgi\u00f3 hace <strong>cuatro a\u00f1os<\/strong>, como una propuesta de las bodegas, tras lo que el Consejo Regulador inici\u00f3 conversaciones con los dos ayuntamientos \u201cy como desde el primer momento hubo<strong> inter\u00e9s por todas las partes<\/strong>, el <strong>estudio de las condiciones del terreno<\/strong> para la vid y el <strong>procedimiento administrativo<\/strong> se ha completado en el plazo normal\u201d, ha explicado Ubide.<\/p>\n<p><img decoding=\"async\" class=\"aligncenter wp-image-14948 size-full\" src=\"https:\/\/elvinodelaspiedras.es\/wp-content\/uploads\/2023\/02\/Imagen-de-WhatsApp-2023-02-17-a-las-13.38.461.jpg\" alt=\"\" width=\"1600\" height=\"1068\"><\/p>\n<p>El nuevo <strong>Pliego de Condiciones<\/strong> todav\u00eda debe <strong>publicarse<\/strong> en el <strong>Diario Oficial de la Uni\u00f3n Europea<\/strong>, si bien el presidente ha resaltado que ya puede iniciarse cualquier acci\u00f3n promocional y las <strong>uvas de los nuevos municipios<\/strong> ya se podr\u00e1n utilizar en la <strong>pr\u00f3xima campa\u00f1a<\/strong> para elaborar y comercializar en todo el mundo <strong>vinos con el sello de la Denominaci\u00f3n<\/strong>.<\/p>\n<p>Con esta expansi\u00f3n, la <strong>Denominaci\u00f3n de Origen Cari\u00f1ena<\/strong> abarca ahora los <strong>16<\/strong> siguientes <strong>t\u00e9rminos municipales<\/strong> de la <strong>provincia de Zaragoza<\/strong>, entre las <strong>comarcas<\/strong> de <strong>Campo de Cari\u00f1ena (13), Valdejal\u00f3n (2) y Campo de Belchite (1): Aguar\u00f3n, Aladr\u00e9n, Alfam\u00e9n, Almonacid de la Sierra, Alpartir, Cari\u00f1ena, Cosuenda, Encinacorba, Fuendetodos, Longares, Mezalocha, Muel, Paniza, Tosos, Villanueva de Huerva y Vistabella de Huerva<\/strong>.<\/p>\n","protected":false},"excerpt":{"rendered":"<p>La Denominaci\u00f3n de Origen Cari\u00f1ena ha formalizado la incorporaci\u00f3n de los municipios de Fuendetodos y Vistabella de Huerva a su zona de producci\u00f3n con un acto de firma en la sede del Gobierno de Arag\u00f3n. El presidente de la D.O. Cari\u00f1ena, Antonio Ubide, ha resaltado que \u201campliar hect\u00e1reas y la zona geogr\u00e1fica es siempre un &hellip;<\/p>\n","protected":false},"author":8,"featured_media":7178,"comment_status":"closed","ping_status":"closed","sticky":false,"template":"","format":"standard","meta":{"_genesis_hide_title":false,"_genesis_hide_breadcrumbs":false,"_genesis_hide_singular_image":false,"_genesis_hide_footer_widgets":false,"_genesis_custom_body_class":"","_genesis_custom_post_class":"","_genesis_layout":"","ngg_post_thumbnail":0,"footnotes":""},"categories":[1],"tags":[8],"class_list":{"0":"post-7169","1":"post","2":"type-post","3":"status-publish","4":"format-standard","5":"has-post-thumbnail","7":"category-noticias","8":"tag-destacada","9":"entry"},"_links":{"self":[{"href":"https:\/\/elvinodelaspiedras.es\/en\/wp-json\/wp\/v2\/posts\/7169"}],"collection":[{"href":"https:\/\/elvinodelaspiedras.es\/en\/wp-json\/wp\/v2\/posts"}],"about":[{"href":"https:\/\/elvinodelaspiedras.es\/en\/wp-json\/wp\/v2\/types\/post"}],"author":[{"embeddable":true,"href":"https:\/\/elvinodelaspiedras.es\/en\/wp-json\/wp\/v2\/users\/8"}],"replies":[{"embeddable":true,"href":"https:\/\/elvinodelaspiedras.es\/en\/wp-json\/wp\/v2\/comments?post=7169"}],"version-history":[{"count":2,"href":"https:\/\/elvinodelaspiedras.es\/en\/wp-json\/wp\/v2\/posts\/7169\/revisions"}],"predecessor-version":[{"id":7177,"href":"https:\/\/elvinodelaspiedras.es\/en\/wp-json\/wp\/v2\/posts\/7169\/revisions\/7177"}],"wp:featuredmedia":[{"embeddable":true,"href":"https:\/\/elvinodelaspiedras.es\/en\/wp-json\/wp\/v2\/media\/7178"}],"wp:attachment":[{"href":"https:\/\/elvinodelaspiedras.es\/en\/wp-json\/wp\/v2\/media?parent=7169"}],"wp:term":[{"taxonomy":"category","embeddable":true,"href":"https:\/\/elvinodelaspiedras.es\/en\/wp-json\/wp\/v2\/categories?post=7169"},{"taxonomy":"post_tag","embeddable":true,"href":"https:\/\/elvinodelaspiedras.es\/en\/wp-json\/wp\/v2\/tags?post=7169"}],"curies":[{"name":"wp","href":"https:\/\/api.w.org\/{rel}","templated":true}]}}