{"id":7172,"date":"2024-02-22T09:42:57","date_gmt":"2024-02-22T09:42:57","guid":{"rendered":"https:\/\/elvinodelaspiedras.es\/en\/?p=7172"},"modified":"2024-02-27T15:42:25","modified_gmt":"2024-02-27T15:42:25","slug":"vuelve-aperitivea-d-o-carinena-animar-disfrutar-vinos-nacen-las-piedras-bares-mas-conocidos-madrid","status":"publish","type":"post","link":"https:\/\/elvinodelaspiedras.es\/en\/comunicacion\/noticias\/vuelve-aperitivea-d-o-carinena-animar-disfrutar-vinos-nacen-las-piedras-bares-mas-conocidos-madrid\/","title":{"rendered":"Vuelve &#8220;Aperitivea con D.O. Cari\u00f1ena&#8221; para animar a disfrutar de Los Vinos que Nacen de las Piedras en los bares m\u00e1s conocidos de Madrid"},"content":{"rendered":"<p><span lang=\"ES-TRAD\">La <b>Denominaci\u00f3n de Origen Cari\u00f1ena<\/b>&nbsp;<b>retoma<\/b> el <b>s\u00e1bado 24 de febrero<\/b>&nbsp;su innovadora&nbsp;<b>campa\u00f1a<\/b>&nbsp;de promoci\u00f3n&nbsp;<b>\u201cAperitivea con D.O. Cari\u00f1ena\u201d<\/b>. Tras el&nbsp;<b>\u00e9xito de la primera fase<\/b>, celebrada&nbsp;<b>el pasado oto\u00f1o<\/b>, la Denominaci\u00f3n vuelve a mostrar que los&nbsp;<b>Vinos que Nacen de las Piedras&nbsp;<\/b>\u2013lema con el que se conoce&nbsp;<b>toda la producci\u00f3n<\/b>&nbsp;de la&nbsp;<b>mayor y m\u00e1s antigua denominaci\u00f3n de Arag\u00f3n<\/b>&#8211;<b>&nbsp;<\/b>son el&nbsp;<b>acompa\u00f1amiento ideal del aperitivo<\/b>, con&nbsp;<b>50<\/b>&nbsp;<b>nuevos<\/b>&nbsp;<b>eventos exclusivos, con m\u00fasica en directo y regalos<\/b>, en&nbsp;<b>otros tantos famosos <\/b><b>bares y restaurantes de Madrid<\/b>.<\/span><\/p>\n<p><b><span lang=\"ES-TRAD\">Las acciones de \u201cAperitivea con D.O. Cari\u00f1ena\u201d<\/span><\/b><span lang=\"ES-TRAD\">&nbsp;se llevan a cabo los<b>&nbsp;fines de semana<\/b>&nbsp;\u2013s\u00e1bado y domingo- con&nbsp;<b>ambiente festivo<\/b>&nbsp;en los locales seleccionados, que incluye&nbsp;<b>m\u00fasica en vivo<\/b>. Los clientes tendr\u00e1n un&nbsp;<b>regalo seguro al pedir<\/b>&nbsp;un&nbsp;<b>vino de la D. O. Cari\u00f1ena<\/b>, y podr\u00e1n disfrutar tambi\u00e9n de&nbsp;<b>degustaciones gratuitas de aceite de la Denominaci\u00f3n de Origen Sierra del Moncayo<\/b>,&nbsp;<b>partner&nbsp;<\/b>de la campa\u00f1a. En la <strong>web<\/strong> <a href=\"https:\/\/aperitivea.com\/\" target=\"_blank\" rel=\"noopener\">aperitivea.com<\/a> se puede encontrar toda la&nbsp;<b>informaci\u00f3n<\/b>, con los&nbsp;<b>nombres y direcciones<\/b>&nbsp;de los&nbsp;<b>locales participantes<\/b>&nbsp;cada d\u00eda.<\/span><\/p>\n<p><span lang=\"ES-TRAD\">La Denominaci\u00f3n de Origen ha destacado el&nbsp;<b>\u00e9xito<\/b>&nbsp;de la&nbsp;<b>primera oleada<\/b>&nbsp;de esta iniciativa, que se desarroll\u00f3&nbsp;<\/span><b><span lang=\"ES-TRAD\">desde el 21 de octubre hasta el 3 diciembre<\/span><\/b><span lang=\"ES-TRAD\">, por lo que&nbsp;<b>parte de los locales<\/b>&nbsp;se han&nbsp;<b>sumado de nuevo<\/b>&nbsp;a acoger esta promoci\u00f3n. A la vez,&nbsp;<b>otros nuevos<\/b>&nbsp;restaurantes y bares de&nbsp;<b>La Moraleja, el Barrio de Salamanca, La Latina, Retiro, Chamber\u00ed o Montecarmelo<\/b>&nbsp;han querido&nbsp;<b>unirse<\/b>&nbsp;a esta propuesta. \u201cAperitivea con D.O. Cari\u00f1ena\u201d se celebrar\u00e1, salvo el par\u00e9ntesis de Semana Santa, cada&nbsp;<b>s\u00e1bado<\/b>&nbsp;en&nbsp;<b>cuatro lugares distintos<\/b>&nbsp;y el&nbsp;<b>domingo<\/b>&nbsp;en otros&nbsp;<b>cuatro<\/b>; siempre&nbsp;<b>de 13 a 17 horas<\/b>,&nbsp;<b>hasta el 14 de abril<\/b>.<\/span><\/p>\n<p><b><span lang=\"ES-TRAD\">Como en la primera fase<\/span><\/b><span lang=\"ES-TRAD\">, en esta segunda ser\u00e1n en total&nbsp;<b>50 eventos<\/b>. En todos, los&nbsp;<\/span><span lang=\"ES-TRAD\">visitantes podr\u00e1n&nbsp;<b>elegir entre cinco vinos<\/b>&nbsp;<b>de la D.O. Cari\u00f1ena<\/b>&nbsp;de entre el total de&nbsp;<b>diez<\/b>, de&nbsp;<b>siete bodegas<\/b>&nbsp;distintas, para conocer mejor y disfrutar la&nbsp;<b>identidad y calidad<\/b>&nbsp;de los&nbsp;<b>Vinos que Nacen de las Piedras<\/b>. Se incluyen tambi\u00e9n&nbsp;<b>vinos ecol\u00f3gicos<\/b>. Las bodegas participantes en la campa\u00f1a son:&nbsp;<b>Grandes Vinos<\/b>,&nbsp;<b>Bodega San Valero<\/b>,<b>&nbsp;Bodegas Paniza<\/b>,&nbsp;<b>Bodegas Luis Mar\u00edn<\/b>,<b>&nbsp;Bodegas Ignacio Mar\u00edn,<\/b>&nbsp;<b>Bodem Bodegas&nbsp;<\/b>y<b>&nbsp;Hacienda Molleda<\/b>.<\/span><\/p>\n<p><img fetchpriority=\"high\" decoding=\"async\" class=\"aligncenter wp-image-19644 size-full\" src=\"https:\/\/elvinodelaspiedras.es\/wp-content\/uploads\/2024\/02\/La-musica-en-vivo-es-una-caracteristica-de-Aperitivea-con-DO-Carinena.jpeg\" alt=\"\" width=\"2048\" height=\"1366\"><\/p>\n<p><b><span lang=\"ES-TRAD\">LA RUMBA DE APERITIVEA<\/span><\/b><\/p>\n<p><span lang=\"ES-TRAD\">Como&nbsp;<b>novedad<\/b>&nbsp;en las nuevas celebraciones,&nbsp;<b>Aperitivea contar\u00e1<\/b>&nbsp;con su&nbsp;<b>propia canci\u00f3n<\/b>, una animada&nbsp;<b>rumba flamenca<\/b>&nbsp;que se podr\u00e1 o\u00edr en las&nbsp;<b>actuaciones<\/b>&nbsp;y tambi\u00e9n como&nbsp;<b>jingle en la promoci\u00f3n<\/b>, compuesta e interpretada&nbsp;<b>por Jos\u00e9 Antonio Parra, \u201c<i>El Parra<\/i>\u201d<\/b>, uno de los artistas que participa. Este m\u00fasico, figura habitual de los escenarios madrile\u00f1os con su fusi\u00f3n del&nbsp;<b>flamenco pop<\/b>&nbsp;m\u00e1s moderno con otros estilos ha compuesto una letra muy especial, con versos como&nbsp;<b>\u201cCon el vino bueno de Cari\u00f1ena, que bien nos sienta\u201d y \u201cLa tarde la tengo hecha, con Aperitivea\u201d.<\/b><\/span><\/p>\n<p><span lang=\"ES-TRAD\">Cada una de las fiestas de<b>&nbsp;\u201cAperitivea con D.O. Cari\u00f1ena\u201d<\/b>&nbsp;comenzar\u00e1 con la&nbsp;<b>promoci\u00f3n<\/b>&nbsp;en el propio&nbsp;<b>local<\/b>&nbsp;y en&nbsp;<b>redes sociales<\/b> de la celebraci\u00f3n. Ese d\u00eda, los clientes que pidan un vino de la Denominaci\u00f3n recibir\u00e1n un <b>posavasos<\/b>&nbsp;con una&nbsp;<b>clave&nbsp;<\/b>y un&nbsp;<b>c\u00f3digo QR de acceso a la p\u00e1gina web&nbsp;<\/b>promocional para ver en el momento qu\u00e9&nbsp;<b>regalo seguro<\/b>&nbsp;han ganado, como&nbsp;<b>pulseras, llaveros&nbsp;<\/b>o una&nbsp;<b>nueva ronda de invitaci\u00f3n<\/b>. Adem\u00e1s, se ofrecer\u00e1 a todo el p\u00fablico&nbsp;<b>degustaciones<\/b>&nbsp;de pan con&nbsp;<b>aceite de la Denominaci\u00f3n de Origen Sierra del Moncayo<\/b>, reforzando as\u00ed la&nbsp;<b>imagen de los Alimentos Nobles de Arag\u00f3n<\/b>.<\/span><\/p>\n<p><span lang=\"ES-TRAD\">El&nbsp;<b>presidente de la Denominaci\u00f3n de Origen Cari\u00f1ena, Antonio Ubide<\/b>, ha resaltado que Aperitivea busca \u201c<b>llegar al p\u00fablico m\u00e1s joven<\/b>, donde apenas hay acciones en el mundo del vino, creando una&nbsp;<b>nueva tendencia&nbsp;<\/b>que todo el mundo comparta\u201d. La promoci\u00f3n se enmarca dentro de la&nbsp;<b>nueva campa\u00f1a promocional<\/b>&nbsp;general puesta en marcha, que con el&nbsp;<b>lema<\/b>&nbsp;<b>\u201c\u00bfQui\u00e9n quiere ser uno m\u00e1s?\u201d<\/b>&nbsp;defiende el \u201c<b>inconformismo sano\u201d<\/b>, como&nbsp;<b>esencia de la D.O. Cari\u00f1ena<\/b>&nbsp;y reivindica el&nbsp;<b>orgullo<\/b>&nbsp;y&nbsp;<b>singularidad<\/b>&nbsp;de sus vinos.<\/span><\/p>\n<p><img decoding=\"async\" class=\"aligncenter wp-image-19645 size-full\" src=\"https:\/\/elvinodelaspiedras.es\/wp-content\/uploads\/2024\/02\/Presentacion-de-la-campana-Miguel-Angel-Lacamara-presidente-DO-Aceite-Sierra-Moncayo-y-Antonio-Ubide-presidente-DO-Carinena.jpeg\" alt=\"\" width=\"1317\" height=\"918\"><\/p>\n<p align=\"center\"><b><span lang=\"ES-TRAD\">BODEGAS Y VINOS PARTICIPANTES<\/span><\/b><\/p>\n<p><b><span lang=\"ES-TRAD\">Grandes Vinos:<\/span><\/b><span lang=\"ES-TRAD\">&nbsp;Anay\u00f3n Chardonnay, Anay\u00f3n Selecci\u00f3n<\/span><\/p>\n<p><b><span lang=\"ES-TRAD\">Bodega San Valero:<\/span><\/b><span lang=\"ES-TRAD\">&nbsp;Particular Chardonnay, 8.0.1. Bodega Verde Macabeo Organic Wine<\/span><\/p>\n<p><b><span lang=\"ES-TRAD\">Bodegas Paniza:<\/span><\/b><span lang=\"ES-TRAD\">&nbsp;F\u00e1bula de Paniza Chardonnay, Vi\u00f1as Viejas de Paniza Garnacha.<\/span><\/p>\n<p><b><span lang=\"ES-TRAD\">Bodegas Luis Mar\u00edn:<\/span><\/b><span lang=\"ES-TRAD\">&nbsp;El Gordo Garnacha 2021<\/span><\/p>\n<p><b><span lang=\"ES-TRAD\">Bodegas Ignacio Mar\u00edn:&nbsp;<\/span><\/b><span lang=\"ES-TRAD\">Mar\u00edn Garnacha Blanca<\/span><\/p>\n<p><b><span lang=\"ES-TRAD\">Bodem Bodegas:<\/span><\/b><span lang=\"ES-TRAD\">&nbsp;Las Margas Garnacha 2020<\/span><\/p>\n<p><b><span lang=\"ES-TRAD\">Hacienda Molleda:<\/span><\/b><span lang=\"ES-TRAD\">&nbsp;Hacienda Molleda Garnacha<\/span><\/p>\n","protected":false},"excerpt":{"rendered":"<p>La Denominaci\u00f3n de Origen Cari\u00f1ena&nbsp;retoma el s\u00e1bado 24 de febrero&nbsp;su innovadora&nbsp;campa\u00f1a&nbsp;de promoci\u00f3n&nbsp;\u201cAperitivea con D.O. Cari\u00f1ena\u201d. Tras el&nbsp;\u00e9xito de la primera fase, celebrada&nbsp;el pasado oto\u00f1o, la Denominaci\u00f3n vuelve a mostrar que los&nbsp;Vinos que Nacen de las Piedras&nbsp;\u2013lema con el que se conoce&nbsp;toda la producci\u00f3n&nbsp;de la&nbsp;mayor y m\u00e1s antigua denominaci\u00f3n de Arag\u00f3n&#8211;&nbsp;son el&nbsp;acompa\u00f1amiento ideal del aperitivo, con&nbsp;50&nbsp;nuevos&nbsp;eventos &hellip;<\/p>\n","protected":false},"author":8,"featured_media":7174,"comment_status":"closed","ping_status":"closed","sticky":false,"template":"","format":"standard","meta":{"_genesis_hide_title":false,"_genesis_hide_breadcrumbs":false,"_genesis_hide_singular_image":false,"_genesis_hide_footer_widgets":false,"_genesis_custom_body_class":"","_genesis_custom_post_class":"","_genesis_layout":"","ngg_post_thumbnail":0,"footnotes":""},"categories":[1],"tags":[8],"class_list":{"0":"post-7172","1":"post","2":"type-post","3":"status-publish","4":"format-standard","5":"has-post-thumbnail","7":"category-noticias","8":"tag-destacada","9":"entry"},"_links":{"self":[{"href":"https:\/\/elvinodelaspiedras.es\/en\/wp-json\/wp\/v2\/posts\/7172"}],"collection":[{"href":"https:\/\/elvinodelaspiedras.es\/en\/wp-json\/wp\/v2\/posts"}],"about":[{"href":"https:\/\/elvinodelaspiedras.es\/en\/wp-json\/wp\/v2\/types\/post"}],"author":[{"embeddable":true,"href":"https:\/\/elvinodelaspiedras.es\/en\/wp-json\/wp\/v2\/users\/8"}],"replies":[{"embeddable":true,"href":"https:\/\/elvinodelaspiedras.es\/en\/wp-json\/wp\/v2\/comments?post=7172"}],"version-history":[{"count":2,"href":"https:\/\/elvinodelaspiedras.es\/en\/wp-json\/wp\/v2\/posts\/7172\/revisions"}],"predecessor-version":[{"id":7175,"href":"https:\/\/elvinodelaspiedras.es\/en\/wp-json\/wp\/v2\/posts\/7172\/revisions\/7175"}],"wp:featuredmedia":[{"embeddable":true,"href":"https:\/\/elvinodelaspiedras.es\/en\/wp-json\/wp\/v2\/media\/7174"}],"wp:attachment":[{"href":"https:\/\/elvinodelaspiedras.es\/en\/wp-json\/wp\/v2\/media?parent=7172"}],"wp:term":[{"taxonomy":"category","embeddable":true,"href":"https:\/\/elvinodelaspiedras.es\/en\/wp-json\/wp\/v2\/categories?post=7172"},{"taxonomy":"post_tag","embeddable":true,"href":"https:\/\/elvinodelaspiedras.es\/en\/wp-json\/wp\/v2\/tags?post=7172"}],"curies":[{"name":"wp","href":"https:\/\/api.w.org\/{rel}","templated":true}]}}